{"id":13881,"date":"2022-05-26T23:22:41","date_gmt":"2022-05-26T21:22:41","guid":{"rendered":"http:\/\/test.rivieradeifiori.it\/senza-categoria-de\/ventimiglia\/"},"modified":"2023-02-03T18:12:48","modified_gmt":"2023-02-03T17:12:48","slug":"ventimiglia","status":"publish","type":"post","link":"https:\/\/www.rivieradeifiori.it\/de\/meer-und-land\/die-kueste\/ventimiglia\/","title":{"rendered":"Ventimiglia"},"content":{"rendered":"\n<p><strong>Ventimiglia<\/strong>, das <strong>&#8220;Blumentor Italiens<\/strong>&#8221; Ein Kreuzungspunkt von Welten, die so nah beieinander liegen und doch oft Lichtjahre voneinander entfernt sind, im Tal des Flusses Roja, zwischen den nur wenige Kilometer entfernten Alpenlandschaften und der W\u00e4rme des Mittelmeers, \u00f6ffnet sich zu den piemontesischen T\u00e4lern, dem F\u00fcrstentum Monaco und Frankreich mit der C\u00f4te d&#8217;Azur und schlie\u00dflich zur Riviera dei Fiori.<\/p>\n\n\n\n<p>Die milde Meeresluft, die sich bis zu den Bergen erhebt, belebt eine \u00fcppige Vegetation. Eine Pracht von Pflanzen, Blumen, Farben, duftenden Essenzen, die wir in den \u00fcppigen <strong><em>Botanischen G\u00e4rten von Hanbury<\/em><\/strong> intakt vorfinden, eine authentische Schatztruhe seltener und oft einzigartiger Pflanzen, die auf dem h\u00fcgeligen Vorgebirge von <strong><em>Capo<\/em><\/strong><strong><em>Mortola<\/em><\/strong>bis hin zum Meer wachsen. Einst Treffpunkt der europ\u00e4ischen aristokratischen Elite ist es heute das Ziel einer Vielzahl von aufmerksamen Besuchern. Hier ist die K\u00fcste der Ort, an dem sich das Land ins Wasser erstreckt und die Erinnerung an vergangene Herrlichkeiten mit der gro\u00dfen Betriebsamkeit der Gegenwart verschmilzt. Diese Synthese best\u00e4tigt die enge Bindung der Bev\u00f6lkerung von Ventimiglia mit der Seefahrerkultur, aus der der <strong><em>Parco Marino di Capo Mortola<\/em><\/strong> entstanden ist, der das Mittelmeer als eine zu sch\u00fctzende Ressource und ein zu sch\u00fctzendes Erbe betrachtet und gleichzeitig seine Nutzbarkeit f\u00fcr den Tourismus sicherstellt.<\/p>\n\n\n\n<p>In dieser \u00fcppigen Natur, die mit den Fr\u00fcchten ihres Bodens und den kostbaren Gaben eines gro\u00dfz\u00fcgigen Meeres den Menschen seit der Antike empf\u00e4ngt, finden wir unausl\u00f6schliche Spuren einer tausendj\u00e4hrigen Geschichte in den <strong><em>H\u00f6hlen von Balzi Rossi<\/em><\/strong>, einer arch\u00e4ologischen St\u00e4tte aus der Altsteinzeit, die reich an Felsritzungen und Artefakten, \u00dcberresten menschlicher Begr\u00e4bnisse und pr\u00e4historischer Tiere ist, und die im gleichnamigen Museum nahe der italienisch-franz\u00f6sischen Grenze aufbewahrt werden. Im Gebiet unterhalb des Museums befinden sich zwei der sch\u00f6nsten Str\u00e4nde des Mittelmeers: <strong><em>Spiaggia delle Uova (der Eierstrand)<\/em><\/strong>, der aus runden, wei\u00dfen Kieselsteinen besteht, und der Strand in der <strong><em>Baia Beniamin<\/em><\/strong> (Beniamin-Bucht) mit seinem klaren, smaragdgr\u00fcnen Wasser.<\/p>\n\n\n\n<p>Am \u00f6stlichen Stadtrand zeugt die <strong><em>Area<\/em><\/strong> <strong><em>Archeologica di Nervia<\/em><\/strong> (Arch\u00e4ologische Gebiet von Nervia) von der Bedeutung dieses Gebietes in der R\u00f6merzeit. Die noch laufenden und f\u00fcr das Publikum zug\u00e4nglichen Ausgrabungen, das herrliche r\u00f6mische Theater, die \u00dcberreste der Thermenanlage und die zahlreichen Artefakte, die teils im Museumsgeb\u00e4ude neben den Ausgrabungen und teils im <strong><em>Museum Girolamo Rossi<\/em><\/strong> im <strong><em>Forte dell\u2018 Annunziata<\/em><\/strong> aufbewahrt werden, sind ein begehrtes Ziel f\u00fcr Touristen und Liebhaber.<\/p>\n\n\n\n<p>Bei einem Spaziergang entlang der von der Meeresbrise gestreichelten Strandpromenade l\u00e4dt der Horizont, der manchmal von steilen Klippen eingerahmt ist, zum Blick nach oben ein, in Richtung Altstadt mit dem <strong><em>Glockenturm der Cattedrale<\/em><\/strong> dell\u2018Assunta, die als strenger und stiller W\u00e4chter des Territoriums errichtet wurde und die die steinernen H\u00e4user und Palazzi sch\u00fctzt, Zeugen der historischen Ereignisse, die Ventimiglia im Laufe der Jahrhunderte erfahren hat. In Richtung Frankreich erhebt sich die majest\u00e4tische<strong><em>Porta Canarda<\/em><\/strong>, das erste und charakteristischste der acht Tore der Altstadt von Ventimiglia. Im mittelalterlichen Dorf innerhalb der Mauern finden wir intakte Kirchen, Palazzi, Piazze und G\u00e4rten.<\/p>\n\n\n\n<p>Entlang der K\u00fcste, in dem Landstreifen zwischen Meer und H\u00fcgel, empf\u00e4ngt uns die moderne Stadt, die sich st\u00e4ndig weiterentwickelt mit Blick in die Zukunft und angetrieben von den zahlreichen wirtschaftlichen und kulturellen Interessen: Kunst und Literatur werden durch die kommerziellen Aktivit\u00e4ten im Stadtzentrum ausgeglichen, die die heutige Wirtschaft antreiben. Hier hebt sich nicht zuletzt das reichhaltige Angebot der Lebensmittel eines gastronomischen Patrimoniums hervor, das eifers\u00fcchtig die Traditionen bewahrt und wo die Kultur des Weins, des \u00d6ls und der einfachen und k\u00f6stlichen Produkte des Meeres im Chor die Litanei der t\u00e4glichen harten Arbeit rezitiert.<\/p>\n\n\n<div class=\"wp-block-visual-portfolio\">\n<div class=\"vp-portfolio vp-uid-97b171f8 vp-id-1pSQ8N\"\n\tdata-vp-layout=\"justified\" data-vp-content-source=\"images\" data-vp-items-style=\"emerge\" data-vp-items-click-action=\"popup_gallery\" data-vp-items-gap=\"5\" data-vp-items-gap-vertical=\"3\" data-vp-pagination=\"load-more\" data-vp-next-page-url=\"\" data-vp-justified-row-height=\"170\" data-vp-justified-row-height-tolerance=\"0.3\" data-vp-justified-max-rows-count=\"0\" data-vp-justified-last-row=\"center\" >\n\t<div class=\"vp-portfolio__preloader-wrap\">\n\t\t<div class=\"vp-portfolio__preloader\">\n\t\t\t<img decoding=\"async\" loading=\"eager\" src=\"https:\/\/www.rivieradeifiori.it\/wp-content\/plugins\/visual-portfolio-pro\/core-plugin\/assets\/images\/logo-dark.svg\" alt=\"Visual Portfolio, Posts &amp; Image Gallery for WordPress\" width=\"20\" height=\"20\" data-skip-lazy>\n\t\t<\/div>\n\t<\/div>\n\t\t<div class=\"vp-portfolio__items-wrap\">\n\t\t\t\n<div class=\"vp-portfolio__items vp-portfolio__items-style-emerge vp-portfolio__items-show-overlay-hover vp-portfolio__items-show-caption-hover\">\n\n\t\t<div\t\tclass=\"vp-portfolio__item-wrap vp-portfolio__item-uid-bab56f36\" data-vp-filter=\"\" \t\t>\n\t\t\t<template class=\"vp-portfolio__item-popup\" data-vp-popup-img=\"https:\/\/www.rivieradeifiori.it\/wp-content\/uploads\/2022\/05\/IMG_9473-1920x1440.jpeg\" data-vp-popup-img-srcset=\"https:\/\/www.rivieradeifiori.it\/wp-content\/uploads\/2022\/05\/IMG_9473-1920x1440.jpeg 1920w, https:\/\/www.rivieradeifiori.it\/wp-content\/uploads\/2022\/05\/IMG_9473-300x225.jpeg 300w, https:\/\/www.rivieradeifiori.it\/wp-content\/uploads\/2022\/05\/IMG_9473.jpeg 2048w, https:\/\/www.rivieradeifiori.it\/wp-content\/uploads\/2022\/05\/IMG_9473-1270x953.jpeg 1270w, https:\/\/www.rivieradeifiori.it\/wp-content\/uploads\/2022\/05\/IMG_9473-1536x1152.jpeg 1536w, https:\/\/www.rivieradeifiori.it\/wp-content\/uploads\/2022\/05\/IMG_9473-500x375.jpeg 500w, https:\/\/www.rivieradeifiori.it\/wp-content\/uploads\/2022\/05\/IMG_9473-800x600.jpeg 800w, https:\/\/www.rivieradeifiori.it\/wp-content\/uploads\/2022\/05\/IMG_9473-1280x960.jpeg 1280w, https:\/\/www.rivieradeifiori.it\/wp-content\/uploads\/2022\/05\/IMG_9473-1080x810.jpeg 1080w, https:\/\/www.rivieradeifiori.it\/wp-content\/uploads\/2022\/05\/IMG_9473-150x113.jpeg 150w\" data-vp-popup-img-size=\"1920x1440\" data-vp-popup-md-img=\"https:\/\/www.rivieradeifiori.it\/wp-content\/uploads\/2022\/05\/IMG_9473-800x600.jpeg\" data-vp-popup-md-img-size=\"800x600\" data-vp-popup-sm-img=\"https:\/\/www.rivieradeifiori.it\/wp-content\/uploads\/2022\/05\/IMG_9473-500x375.jpeg\" data-vp-popup-sm-img-size=\"500x375\">\n\t\t\t<h3 class=\"vp-portfolio__item-popup-title\">Das Meer von Ventimiglia &#8211; Rote Wand \u00a9Innovation Media<\/h3>\n\t\t<\/template>\n\t\t\t\t\t\t<figure class=\"vp-portfolio__item\">\n\t\t\t\t\n<div class=\"vp-portfolio__item-img-wrap\">\n\t<div class=\"vp-portfolio__item-img\">\n\t\t\t<a\n\t\thref=\"https:\/\/www.rivieradeifiori.it\/wp-content\/uploads\/2022\/05\/IMG_9473-1920x1440.jpeg\"\n\t\t\t>\n\t\n\t\t<noscript><img decoding=\"async\" width=\"1920\" height=\"1440\" data-skip-lazy src=\"https:\/\/www.rivieradeifiori.it\/wp-content\/uploads\/2022\/05\/IMG_9473-1920x1440.jpeg\" class=\"wp-image-11673\" alt=\"\" srcset=\"https:\/\/www.rivieradeifiori.it\/wp-content\/uploads\/2022\/05\/IMG_9473-1920x1440.jpeg 1920w, https:\/\/www.rivieradeifiori.it\/wp-content\/uploads\/2022\/05\/IMG_9473-300x225.jpeg 300w, https:\/\/www.rivieradeifiori.it\/wp-content\/uploads\/2022\/05\/IMG_9473.jpeg 2048w, https:\/\/www.rivieradeifiori.it\/wp-content\/uploads\/2022\/05\/IMG_9473-1270x953.jpeg 1270w, https:\/\/www.rivieradeifiori.it\/wp-content\/uploads\/2022\/05\/IMG_9473-1536x1152.jpeg 1536w, https:\/\/www.rivieradeifiori.it\/wp-content\/uploads\/2022\/05\/IMG_9473-500x375.jpeg 500w, https:\/\/www.rivieradeifiori.it\/wp-content\/uploads\/2022\/05\/IMG_9473-800x600.jpeg 800w, https:\/\/www.rivieradeifiori.it\/wp-content\/uploads\/2022\/05\/IMG_9473-1280x960.jpeg 1280w, https:\/\/www.rivieradeifiori.it\/wp-content\/uploads\/2022\/05\/IMG_9473-1080x810.jpeg 1080w, https:\/\/www.rivieradeifiori.it\/wp-content\/uploads\/2022\/05\/IMG_9473-150x113.jpeg 150w\" sizes=\"(max-width: 1920px) 100vw, 1920px\" \/><\/noscript><img fetchpriority=\"high\" decoding=\"async\" width=\"1920\" height=\"1440\" src=\"https:\/\/www.rivieradeifiori.it\/wp-content\/uploads\/2022\/05\/IMG_9473-1920x1440.jpeg\" class=\"wp-image-11673 vp-lazyload\" alt srcset=\"data:image\/svg+xml;base64,PHN2ZyB3aWR0aD0iMTkyMCIgaGVpZ2h0PSIxNDQwIiB2aWV3Qm94PSIwIDAgMTkyMCAxNDQwIiBmaWxsPSJub25lIiB4bWxucz0iaHR0cDovL3d3dy53My5vcmcvMjAwMC9zdmciPjwvc3ZnPg==\" data-src=\"https:\/\/www.rivieradeifiori.it\/wp-content\/uploads\/2022\/05\/IMG_9473-1920x1440.jpeg\" data-srcset=\"https:\/\/www.rivieradeifiori.it\/wp-content\/uploads\/2022\/05\/IMG_9473-1920x1440.jpeg 1920w, https:\/\/www.rivieradeifiori.it\/wp-content\/uploads\/2022\/05\/IMG_9473-300x225.jpeg 300w, https:\/\/www.rivieradeifiori.it\/wp-content\/uploads\/2022\/05\/IMG_9473.jpeg 2048w, https:\/\/www.rivieradeifiori.it\/wp-content\/uploads\/2022\/05\/IMG_9473-1270x953.jpeg 1270w, https:\/\/www.rivieradeifiori.it\/wp-content\/uploads\/2022\/05\/IMG_9473-1536x1152.jpeg 1536w, https:\/\/www.rivieradeifiori.it\/wp-content\/uploads\/2022\/05\/IMG_9473-500x375.jpeg 500w, https:\/\/www.rivieradeifiori.it\/wp-content\/uploads\/2022\/05\/IMG_9473-800x600.jpeg 800w, https:\/\/www.rivieradeifiori.it\/wp-content\/uploads\/2022\/05\/IMG_9473-1280x960.jpeg 1280w, https:\/\/www.rivieradeifiori.it\/wp-content\/uploads\/2022\/05\/IMG_9473-1080x810.jpeg 1080w, https:\/\/www.rivieradeifiori.it\/wp-content\/uploads\/2022\/05\/IMG_9473-150x113.jpeg 150w\" data-sizes=\"auto\" loading=\"eager\">\n\t\t<div class=\"vp-portfolio__item-overlay\"><\/div>\n\n\t\t<\/a>\t<\/div>\n<\/div>\n\n\t<figcaption class=\"vp-portfolio__item-caption vp-portfolio__item-caption-text-align-center\">\n\t\t<div class=\"vp-portfolio__item-meta-wrap vp-portfolio__custom-scrollbar\">\n\t\t\t<div class=\"vp-portfolio__item-meta\">\n\t\t\t\t\n<h2 class=\"vp-portfolio__item-meta-title\">\n\t\t<a\n\t\thref=\"https:\/\/www.rivieradeifiori.it\/wp-content\/uploads\/2022\/05\/IMG_9473-1920x1440.jpeg\"\n\t\t\t>\n\tDas Meer von Ventimiglia &#8211; Rote Wand \u00a9Innovation Media<\/a><\/h2>\n\t\t\t<\/div>\n\t\t<\/div>\n\t<\/figcaption>\n\t\t\t<\/figure>\n\t\t\t\t\t<\/div>\n\t\t\n\t\t<div\t\tclass=\"vp-portfolio__item-wrap vp-portfolio__item-uid-b7686a41\" data-vp-filter=\"\" \t\t>\n\t\t\t<template class=\"vp-portfolio__item-popup\" data-vp-popup-img=\"https:\/\/www.rivieradeifiori.it\/wp-content\/uploads\/2022\/05\/Ventimiglia_legenda.jpg\" data-vp-popup-img-srcset=\"https:\/\/www.rivieradeifiori.it\/wp-content\/uploads\/2022\/05\/Ventimiglia_legenda.jpg 950w, https:\/\/www.rivieradeifiori.it\/wp-content\/uploads\/2022\/05\/Ventimiglia_legenda-208x300.jpg 208w, https:\/\/www.rivieradeifiori.it\/wp-content\/uploads\/2022\/05\/Ventimiglia_legenda-879x1270.jpg 879w, https:\/\/www.rivieradeifiori.it\/wp-content\/uploads\/2022\/05\/Ventimiglia_legenda-500x723.jpg 500w, https:\/\/www.rivieradeifiori.it\/wp-content\/uploads\/2022\/05\/Ventimiglia_legenda-800x1156.jpg 800w, https:\/\/www.rivieradeifiori.it\/wp-content\/uploads\/2022\/05\/Ventimiglia_legenda-150x217.jpg 150w, https:\/\/www.rivieradeifiori.it\/wp-content\/uploads\/2022\/05\/Ventimiglia_legenda-346x500.jpg 346w\" data-vp-popup-img-size=\"950x1373\" data-vp-popup-md-img=\"https:\/\/www.rivieradeifiori.it\/wp-content\/uploads\/2022\/05\/Ventimiglia_legenda-800x1156.jpg\" data-vp-popup-md-img-size=\"800x1156\" data-vp-popup-sm-img=\"https:\/\/www.rivieradeifiori.it\/wp-content\/uploads\/2022\/05\/Ventimiglia_legenda-500x723.jpg\" data-vp-popup-sm-img-size=\"500x723\">\n\t\t\t<h3 class=\"vp-portfolio__item-popup-title\">Legenda di Ventimiglia &#8211; \u00a9Innovation Media<\/h3>\n\t\t<\/template>\n\t\t\t\t\t\t<figure class=\"vp-portfolio__item\">\n\t\t\t\t\n<div class=\"vp-portfolio__item-img-wrap\">\n\t<div class=\"vp-portfolio__item-img\">\n\t\t\t<a\n\t\thref=\"https:\/\/www.rivieradeifiori.it\/wp-content\/uploads\/2022\/05\/Ventimiglia_legenda.jpg\"\n\t\t\t>\n\t\n\t\t<noscript><img decoding=\"async\" width=\"950\" height=\"1373\" data-skip-lazy src=\"https:\/\/www.rivieradeifiori.it\/wp-content\/uploads\/2022\/05\/Ventimiglia_legenda.jpg\" class=\"wp-image-11218\" alt=\"\" srcset=\"https:\/\/www.rivieradeifiori.it\/wp-content\/uploads\/2022\/05\/Ventimiglia_legenda.jpg 950w, https:\/\/www.rivieradeifiori.it\/wp-content\/uploads\/2022\/05\/Ventimiglia_legenda-208x300.jpg 208w, https:\/\/www.rivieradeifiori.it\/wp-content\/uploads\/2022\/05\/Ventimiglia_legenda-879x1270.jpg 879w, https:\/\/www.rivieradeifiori.it\/wp-content\/uploads\/2022\/05\/Ventimiglia_legenda-500x723.jpg 500w, https:\/\/www.rivieradeifiori.it\/wp-content\/uploads\/2022\/05\/Ventimiglia_legenda-800x1156.jpg 800w, https:\/\/www.rivieradeifiori.it\/wp-content\/uploads\/2022\/05\/Ventimiglia_legenda-150x217.jpg 150w, https:\/\/www.rivieradeifiori.it\/wp-content\/uploads\/2022\/05\/Ventimiglia_legenda-346x500.jpg 346w\" sizes=\"(max-width: 950px) 100vw, 950px\" \/><\/noscript><img decoding=\"async\" width=\"950\" height=\"1373\" src=\"https:\/\/www.rivieradeifiori.it\/wp-content\/uploads\/2022\/05\/Ventimiglia_legenda.jpg\" class=\"wp-image-11218 vp-lazyload\" alt srcset=\"data:image\/svg+xml;base64,PHN2ZyB3aWR0aD0iOTUwIiBoZWlnaHQ9IjEzNzMiIHZpZXdCb3g9IjAgMCA5NTAgMTM3MyIgZmlsbD0ibm9uZSIgeG1sbnM9Imh0dHA6Ly93d3cudzMub3JnLzIwMDAvc3ZnIj48L3N2Zz4=\" data-src=\"https:\/\/www.rivieradeifiori.it\/wp-content\/uploads\/2022\/05\/Ventimiglia_legenda.jpg\" data-srcset=\"https:\/\/www.rivieradeifiori.it\/wp-content\/uploads\/2022\/05\/Ventimiglia_legenda.jpg 950w, https:\/\/www.rivieradeifiori.it\/wp-content\/uploads\/2022\/05\/Ventimiglia_legenda-208x300.jpg 208w, https:\/\/www.rivieradeifiori.it\/wp-content\/uploads\/2022\/05\/Ventimiglia_legenda-879x1270.jpg 879w, https:\/\/www.rivieradeifiori.it\/wp-content\/uploads\/2022\/05\/Ventimiglia_legenda-500x723.jpg 500w, https:\/\/www.rivieradeifiori.it\/wp-content\/uploads\/2022\/05\/Ventimiglia_legenda-800x1156.jpg 800w, https:\/\/www.rivieradeifiori.it\/wp-content\/uploads\/2022\/05\/Ventimiglia_legenda-150x217.jpg 150w, https:\/\/www.rivieradeifiori.it\/wp-content\/uploads\/2022\/05\/Ventimiglia_legenda-346x500.jpg 346w\" data-sizes=\"auto\" loading=\"eager\">\n\t\t<div class=\"vp-portfolio__item-overlay\"><\/div>\n\n\t\t<\/a>\t<\/div>\n<\/div>\n\n\t<figcaption class=\"vp-portfolio__item-caption vp-portfolio__item-caption-text-align-center\">\n\t\t<div class=\"vp-portfolio__item-meta-wrap vp-portfolio__custom-scrollbar\">\n\t\t\t<div class=\"vp-portfolio__item-meta\">\n\t\t\t\t\n<h2 class=\"vp-portfolio__item-meta-title\">\n\t\t<a\n\t\thref=\"https:\/\/www.rivieradeifiori.it\/wp-content\/uploads\/2022\/05\/Ventimiglia_legenda.jpg\"\n\t\t\t>\n\tLegende zur Karte von Ventimiglia &#8211; \u00a9Innovation Media<\/a><\/h2>\n\t\t\t<\/div>\n\t\t<\/div>\n\t<\/figcaption>\n\t\t\t<\/figure>\n\t\t\t\t\t<\/div>\n\t\t\n\t\t<div\t\tclass=\"vp-portfolio__item-wrap vp-portfolio__item-uid-a62ec167\" data-vp-filter=\"\" \t\t>\n\t\t\t<template class=\"vp-portfolio__item-popup\" data-vp-popup-img=\"https:\/\/www.rivieradeifiori.it\/wp-content\/uploads\/2022\/05\/Ventimiglia.jpg\" data-vp-popup-img-srcset=\"https:\/\/www.rivieradeifiori.it\/wp-content\/uploads\/2022\/05\/Ventimiglia.jpg 1899w, https:\/\/www.rivieradeifiori.it\/wp-content\/uploads\/2022\/05\/Ventimiglia-300x212.jpg 300w, https:\/\/www.rivieradeifiori.it\/wp-content\/uploads\/2022\/05\/Ventimiglia-1270x896.jpg 1270w, https:\/\/www.rivieradeifiori.it\/wp-content\/uploads\/2022\/05\/Ventimiglia-1536x1084.jpg 1536w, https:\/\/www.rivieradeifiori.it\/wp-content\/uploads\/2022\/05\/Ventimiglia-500x353.jpg 500w, https:\/\/www.rivieradeifiori.it\/wp-content\/uploads\/2022\/05\/Ventimiglia-800x565.jpg 800w, https:\/\/www.rivieradeifiori.it\/wp-content\/uploads\/2022\/05\/Ventimiglia-1280x903.jpg 1280w, https:\/\/www.rivieradeifiori.it\/wp-content\/uploads\/2022\/05\/Ventimiglia-1080x762.jpg 1080w, https:\/\/www.rivieradeifiori.it\/wp-content\/uploads\/2022\/05\/Ventimiglia-150x106.jpg 150w\" data-vp-popup-img-size=\"1899x1340\" data-vp-popup-md-img=\"https:\/\/www.rivieradeifiori.it\/wp-content\/uploads\/2022\/05\/Ventimiglia-800x565.jpg\" data-vp-popup-md-img-size=\"800x565\" data-vp-popup-sm-img=\"https:\/\/www.rivieradeifiori.it\/wp-content\/uploads\/2022\/05\/Ventimiglia-500x353.jpg\" data-vp-popup-sm-img-size=\"500x353\">\n\t\t\t<h3 class=\"vp-portfolio__item-popup-title\">Mappa di Ventimiglia &#8211; \u00a9Innovation Media<\/h3>\n\t\t<\/template>\n\t\t\t\t\t\t<figure class=\"vp-portfolio__item\">\n\t\t\t\t\n<div class=\"vp-portfolio__item-img-wrap\">\n\t<div class=\"vp-portfolio__item-img\">\n\t\t\t<a\n\t\thref=\"https:\/\/www.rivieradeifiori.it\/wp-content\/uploads\/2022\/05\/Ventimiglia.jpg\"\n\t\t\t>\n\t\n\t\t<noscript><img decoding=\"async\" width=\"1899\" height=\"1340\" data-skip-lazy src=\"https:\/\/www.rivieradeifiori.it\/wp-content\/uploads\/2022\/05\/Ventimiglia.jpg\" class=\"wp-image-11213\" alt=\"\" srcset=\"https:\/\/www.rivieradeifiori.it\/wp-content\/uploads\/2022\/05\/Ventimiglia.jpg 1899w, https:\/\/www.rivieradeifiori.it\/wp-content\/uploads\/2022\/05\/Ventimiglia-300x212.jpg 300w, https:\/\/www.rivieradeifiori.it\/wp-content\/uploads\/2022\/05\/Ventimiglia-1270x896.jpg 1270w, https:\/\/www.rivieradeifiori.it\/wp-content\/uploads\/2022\/05\/Ventimiglia-1536x1084.jpg 1536w, https:\/\/www.rivieradeifiori.it\/wp-content\/uploads\/2022\/05\/Ventimiglia-500x353.jpg 500w, https:\/\/www.rivieradeifiori.it\/wp-content\/uploads\/2022\/05\/Ventimiglia-800x565.jpg 800w, https:\/\/www.rivieradeifiori.it\/wp-content\/uploads\/2022\/05\/Ventimiglia-1280x903.jpg 1280w, https:\/\/www.rivieradeifiori.it\/wp-content\/uploads\/2022\/05\/Ventimiglia-1080x762.jpg 1080w, https:\/\/www.rivieradeifiori.it\/wp-content\/uploads\/2022\/05\/Ventimiglia-150x106.jpg 150w\" sizes=\"(max-width: 1899px) 100vw, 1899px\" \/><\/noscript><img decoding=\"async\" width=\"1899\" height=\"1340\" src=\"https:\/\/www.rivieradeifiori.it\/wp-content\/uploads\/2022\/05\/Ventimiglia.jpg\" class=\"wp-image-11213 vp-lazyload\" alt srcset=\"data:image\/svg+xml;base64,PHN2ZyB3aWR0aD0iMTg5OSIgaGVpZ2h0PSIxMzQwIiB2aWV3Qm94PSIwIDAgMTg5OSAxMzQwIiBmaWxsPSJub25lIiB4bWxucz0iaHR0cDovL3d3dy53My5vcmcvMjAwMC9zdmciPjwvc3ZnPg==\" data-src=\"https:\/\/www.rivieradeifiori.it\/wp-content\/uploads\/2022\/05\/Ventimiglia.jpg\" data-srcset=\"https:\/\/www.rivieradeifiori.it\/wp-content\/uploads\/2022\/05\/Ventimiglia.jpg 1899w, https:\/\/www.rivieradeifiori.it\/wp-content\/uploads\/2022\/05\/Ventimiglia-300x212.jpg 300w, https:\/\/www.rivieradeifiori.it\/wp-content\/uploads\/2022\/05\/Ventimiglia-1270x896.jpg 1270w, https:\/\/www.rivieradeifiori.it\/wp-content\/uploads\/2022\/05\/Ventimiglia-1536x1084.jpg 1536w, https:\/\/www.rivieradeifiori.it\/wp-content\/uploads\/2022\/05\/Ventimiglia-500x353.jpg 500w, https:\/\/www.rivieradeifiori.it\/wp-content\/uploads\/2022\/05\/Ventimiglia-800x565.jpg 800w, https:\/\/www.rivieradeifiori.it\/wp-content\/uploads\/2022\/05\/Ventimiglia-1280x903.jpg 1280w, https:\/\/www.rivieradeifiori.it\/wp-content\/uploads\/2022\/05\/Ventimiglia-1080x762.jpg 1080w, https:\/\/www.rivieradeifiori.it\/wp-content\/uploads\/2022\/05\/Ventimiglia-150x106.jpg 150w\" data-sizes=\"auto\" loading=\"eager\">\n\t\t<div class=\"vp-portfolio__item-overlay\"><\/div>\n\n\t\t<\/a>\t<\/div>\n<\/div>\n\n\t<figcaption class=\"vp-portfolio__item-caption vp-portfolio__item-caption-text-align-center\">\n\t\t<div class=\"vp-portfolio__item-meta-wrap vp-portfolio__custom-scrollbar\">\n\t\t\t<div class=\"vp-portfolio__item-meta\">\n\t\t\t\t\n<h2 class=\"vp-portfolio__item-meta-title\">\n\t\t<a\n\t\thref=\"https:\/\/www.rivieradeifiori.it\/wp-content\/uploads\/2022\/05\/Ventimiglia.jpg\"\n\t\t\t>\n\tKarte von Ventimiglia &#8211; \u00a9Innovation Media<\/a><\/h2>\n\t\t\t<\/div>\n\t\t<\/div>\n\t<\/figcaption>\n\t\t\t<\/figure>\n\t\t\t\t\t<\/div>\n\t\t\n\t\t<div\t\tclass=\"vp-portfolio__item-wrap vp-portfolio__item-uid-9f8bf887\" data-vp-filter=\"\" \t\t>\n\t\t\t<template class=\"vp-portfolio__item-popup\" data-vp-popup-img=\"https:\/\/www.rivieradeifiori.it\/wp-content\/uploads\/2022\/05\/Cala-del-Forte_render-scaled-1-1920x1135.jpg\" data-vp-popup-img-srcset=\"https:\/\/www.rivieradeifiori.it\/wp-content\/uploads\/2022\/05\/Cala-del-Forte_render-scaled-1-1920x1135.jpg 1920w, https:\/\/www.rivieradeifiori.it\/wp-content\/uploads\/2022\/05\/Cala-del-Forte_render-scaled-1-300x177.jpg 300w, https:\/\/www.rivieradeifiori.it\/wp-content\/uploads\/2022\/05\/Cala-del-Forte_render-scaled-1-1270x751.jpg 1270w, https:\/\/www.rivieradeifiori.it\/wp-content\/uploads\/2022\/05\/Cala-del-Forte_render-scaled-1-1536x908.jpg 1536w, https:\/\/www.rivieradeifiori.it\/wp-content\/uploads\/2022\/05\/Cala-del-Forte_render-scaled-1-2048x1210.jpg 2048w, https:\/\/www.rivieradeifiori.it\/wp-content\/uploads\/2022\/05\/Cala-del-Forte_render-scaled-1-500x296.jpg 500w, https:\/\/www.rivieradeifiori.it\/wp-content\/uploads\/2022\/05\/Cala-del-Forte_render-scaled-1-800x473.jpg 800w, https:\/\/www.rivieradeifiori.it\/wp-content\/uploads\/2022\/05\/Cala-del-Forte_render-scaled-1-1280x757.jpg 1280w, https:\/\/www.rivieradeifiori.it\/wp-content\/uploads\/2022\/05\/Cala-del-Forte_render-scaled-1-1080x638.jpg 1080w, https:\/\/www.rivieradeifiori.it\/wp-content\/uploads\/2022\/05\/Cala-del-Forte_render-scaled-1-150x89.jpg 150w\" data-vp-popup-img-size=\"1920x1135\" data-vp-popup-md-img=\"https:\/\/www.rivieradeifiori.it\/wp-content\/uploads\/2022\/05\/Cala-del-Forte_render-scaled-1-800x473.jpg\" data-vp-popup-md-img-size=\"800x473\" data-vp-popup-sm-img=\"https:\/\/www.rivieradeifiori.it\/wp-content\/uploads\/2022\/05\/Cala-del-Forte_render-scaled-1-500x296.jpg\" data-vp-popup-sm-img-size=\"500x296\">\n\t\t\t<h3 class=\"vp-portfolio__item-popup-title\">Porto Cala del Forte &#8211; Ventimiglia \u00a9Cala del Forte <\/h3>\n\t\t<\/template>\n\t\t\t\t\t\t<figure class=\"vp-portfolio__item\">\n\t\t\t\t\n<div class=\"vp-portfolio__item-img-wrap\">\n\t<div class=\"vp-portfolio__item-img\">\n\t\t\t<a\n\t\thref=\"https:\/\/www.rivieradeifiori.it\/wp-content\/uploads\/2022\/05\/Cala-del-Forte_render-scaled-1-1920x1135.jpg\"\n\t\t\t>\n\t\n\t\t<noscript><img decoding=\"async\" width=\"1920\" height=\"1135\" data-skip-lazy src=\"https:\/\/www.rivieradeifiori.it\/wp-content\/uploads\/2022\/05\/Cala-del-Forte_render-scaled-1-1920x1135.jpg\" class=\"wp-image-10988\" alt=\"\" srcset=\"https:\/\/www.rivieradeifiori.it\/wp-content\/uploads\/2022\/05\/Cala-del-Forte_render-scaled-1-1920x1135.jpg 1920w, https:\/\/www.rivieradeifiori.it\/wp-content\/uploads\/2022\/05\/Cala-del-Forte_render-scaled-1-300x177.jpg 300w, https:\/\/www.rivieradeifiori.it\/wp-content\/uploads\/2022\/05\/Cala-del-Forte_render-scaled-1-1270x751.jpg 1270w, https:\/\/www.rivieradeifiori.it\/wp-content\/uploads\/2022\/05\/Cala-del-Forte_render-scaled-1-1536x908.jpg 1536w, https:\/\/www.rivieradeifiori.it\/wp-content\/uploads\/2022\/05\/Cala-del-Forte_render-scaled-1-2048x1210.jpg 2048w, https:\/\/www.rivieradeifiori.it\/wp-content\/uploads\/2022\/05\/Cala-del-Forte_render-scaled-1-500x296.jpg 500w, https:\/\/www.rivieradeifiori.it\/wp-content\/uploads\/2022\/05\/Cala-del-Forte_render-scaled-1-800x473.jpg 800w, https:\/\/www.rivieradeifiori.it\/wp-content\/uploads\/2022\/05\/Cala-del-Forte_render-scaled-1-1280x757.jpg 1280w, https:\/\/www.rivieradeifiori.it\/wp-content\/uploads\/2022\/05\/Cala-del-Forte_render-scaled-1-1080x638.jpg 1080w, https:\/\/www.rivieradeifiori.it\/wp-content\/uploads\/2022\/05\/Cala-del-Forte_render-scaled-1-150x89.jpg 150w\" sizes=\"(max-width: 1920px) 100vw, 1920px\" \/><\/noscript><img decoding=\"async\" width=\"1920\" height=\"1135\" src=\"https:\/\/www.rivieradeifiori.it\/wp-content\/uploads\/2022\/05\/Cala-del-Forte_render-scaled-1-1920x1135.jpg\" class=\"wp-image-10988 vp-lazyload\" alt srcset=\"data:image\/svg+xml;base64,PHN2ZyB3aWR0aD0iMTkyMCIgaGVpZ2h0PSIxMTM1IiB2aWV3Qm94PSIwIDAgMTkyMCAxMTM1IiBmaWxsPSJub25lIiB4bWxucz0iaHR0cDovL3d3dy53My5vcmcvMjAwMC9zdmciPjwvc3ZnPg==\" data-src=\"https:\/\/www.rivieradeifiori.it\/wp-content\/uploads\/2022\/05\/Cala-del-Forte_render-scaled-1-1920x1135.jpg\" data-srcset=\"https:\/\/www.rivieradeifiori.it\/wp-content\/uploads\/2022\/05\/Cala-del-Forte_render-scaled-1-1920x1135.jpg 1920w, https:\/\/www.rivieradeifiori.it\/wp-content\/uploads\/2022\/05\/Cala-del-Forte_render-scaled-1-300x177.jpg 300w, https:\/\/www.rivieradeifiori.it\/wp-content\/uploads\/2022\/05\/Cala-del-Forte_render-scaled-1-1270x751.jpg 1270w, https:\/\/www.rivieradeifiori.it\/wp-content\/uploads\/2022\/05\/Cala-del-Forte_render-scaled-1-1536x908.jpg 1536w, https:\/\/www.rivieradeifiori.it\/wp-content\/uploads\/2022\/05\/Cala-del-Forte_render-scaled-1-2048x1210.jpg 2048w, https:\/\/www.rivieradeifiori.it\/wp-content\/uploads\/2022\/05\/Cala-del-Forte_render-scaled-1-500x296.jpg 500w, https:\/\/www.rivieradeifiori.it\/wp-content\/uploads\/2022\/05\/Cala-del-Forte_render-scaled-1-800x473.jpg 800w, https:\/\/www.rivieradeifiori.it\/wp-content\/uploads\/2022\/05\/Cala-del-Forte_render-scaled-1-1280x757.jpg 1280w, https:\/\/www.rivieradeifiori.it\/wp-content\/uploads\/2022\/05\/Cala-del-Forte_render-scaled-1-1080x638.jpg 1080w, https:\/\/www.rivieradeifiori.it\/wp-content\/uploads\/2022\/05\/Cala-del-Forte_render-scaled-1-150x89.jpg 150w\" data-sizes=\"auto\" loading=\"eager\">\n\t\t<div class=\"vp-portfolio__item-overlay\"><\/div>\n\n\t\t<\/a>\t<\/div>\n<\/div>\n\n\t<figcaption class=\"vp-portfolio__item-caption vp-portfolio__item-caption-text-align-center\">\n\t\t<div class=\"vp-portfolio__item-meta-wrap vp-portfolio__custom-scrollbar\">\n\t\t\t<div class=\"vp-portfolio__item-meta\">\n\t\t\t\t\n<h2 class=\"vp-portfolio__item-meta-title\">\n\t\t<a\n\t\thref=\"https:\/\/www.rivieradeifiori.it\/wp-content\/uploads\/2022\/05\/Cala-del-Forte_render-scaled-1-1920x1135.jpg\"\n\t\t\t>\n\tHafen Cala del Forte &#8211; Ventimiglia<\/a><\/h2>\n\t\t\t<\/div>\n\t\t<\/div>\n\t<\/figcaption>\n\t\t\t<\/figure>\n\t\t\t\t\t<\/div>\n\t\t\n\t\t<div\t\tclass=\"vp-portfolio__item-wrap vp-portfolio__item-uid-910bd474\" data-vp-filter=\"\" \t\t>\n\t\t\t<template class=\"vp-portfolio__item-popup\" data-vp-popup-img=\"https:\/\/www.rivieradeifiori.it\/wp-content\/uploads\/2022\/05\/10-scaled-1.jpg\" data-vp-popup-img-srcset=\"https:\/\/www.rivieradeifiori.it\/wp-content\/uploads\/2022\/05\/10-scaled-1.jpg 1920w, https:\/\/www.rivieradeifiori.it\/wp-content\/uploads\/2022\/05\/10-scaled-1-225x300.jpg 225w, https:\/\/www.rivieradeifiori.it\/wp-content\/uploads\/2022\/05\/10-scaled-1-953x1270.jpg 953w, https:\/\/www.rivieradeifiori.it\/wp-content\/uploads\/2022\/05\/10-scaled-1-1152x1536.jpg 1152w, https:\/\/www.rivieradeifiori.it\/wp-content\/uploads\/2022\/05\/10-scaled-1-1536x2048.jpg 1536w, https:\/\/www.rivieradeifiori.it\/wp-content\/uploads\/2022\/05\/10-scaled-1-500x667.jpg 500w, https:\/\/www.rivieradeifiori.it\/wp-content\/uploads\/2022\/05\/10-scaled-1-800x1067.jpg 800w, https:\/\/www.rivieradeifiori.it\/wp-content\/uploads\/2022\/05\/10-scaled-1-1280x1707.jpg 1280w, https:\/\/www.rivieradeifiori.it\/wp-content\/uploads\/2022\/05\/10-scaled-1-1080x1440.jpg 1080w, https:\/\/www.rivieradeifiori.it\/wp-content\/uploads\/2022\/05\/10-scaled-1-150x200.jpg 150w, https:\/\/www.rivieradeifiori.it\/wp-content\/uploads\/2022\/05\/10-scaled-1-375x500.jpg 375w\" data-vp-popup-img-size=\"1920x2560\" data-vp-popup-md-img=\"https:\/\/www.rivieradeifiori.it\/wp-content\/uploads\/2022\/05\/10-scaled-1-800x1067.jpg\" data-vp-popup-md-img-size=\"800x1067\" data-vp-popup-sm-img=\"https:\/\/www.rivieradeifiori.it\/wp-content\/uploads\/2022\/05\/10-scaled-1-500x667.jpg\" data-vp-popup-sm-img-size=\"500x667\">\n\t\t\t<h3 class=\"vp-portfolio__item-popup-title\">Oasi del Nervia &#8211; Camporosso Mare\/Ventimiglia \u00a9Innovation Media<\/h3>\n\t\t<\/template>\n\t\t\t\t\t\t<figure class=\"vp-portfolio__item\">\n\t\t\t\t\n<div class=\"vp-portfolio__item-img-wrap\">\n\t<div class=\"vp-portfolio__item-img\">\n\t\t\t<a\n\t\thref=\"https:\/\/www.rivieradeifiori.it\/wp-content\/uploads\/2022\/05\/10-scaled-1.jpg\"\n\t\t\t>\n\t\n\t\t<noscript><img decoding=\"async\" width=\"1920\" height=\"2560\" data-skip-lazy src=\"https:\/\/www.rivieradeifiori.it\/wp-content\/uploads\/2022\/05\/10-scaled-1.jpg\" class=\"wp-image-10798\" alt=\"\" srcset=\"https:\/\/www.rivieradeifiori.it\/wp-content\/uploads\/2022\/05\/10-scaled-1.jpg 1920w, https:\/\/www.rivieradeifiori.it\/wp-content\/uploads\/2022\/05\/10-scaled-1-225x300.jpg 225w, https:\/\/www.rivieradeifiori.it\/wp-content\/uploads\/2022\/05\/10-scaled-1-953x1270.jpg 953w, https:\/\/www.rivieradeifiori.it\/wp-content\/uploads\/2022\/05\/10-scaled-1-1152x1536.jpg 1152w, https:\/\/www.rivieradeifiori.it\/wp-content\/uploads\/2022\/05\/10-scaled-1-1536x2048.jpg 1536w, https:\/\/www.rivieradeifiori.it\/wp-content\/uploads\/2022\/05\/10-scaled-1-500x667.jpg 500w, https:\/\/www.rivieradeifiori.it\/wp-content\/uploads\/2022\/05\/10-scaled-1-800x1067.jpg 800w, https:\/\/www.rivieradeifiori.it\/wp-content\/uploads\/2022\/05\/10-scaled-1-1280x1707.jpg 1280w, https:\/\/www.rivieradeifiori.it\/wp-content\/uploads\/2022\/05\/10-scaled-1-1080x1440.jpg 1080w, https:\/\/www.rivieradeifiori.it\/wp-content\/uploads\/2022\/05\/10-scaled-1-150x200.jpg 150w, https:\/\/www.rivieradeifiori.it\/wp-content\/uploads\/2022\/05\/10-scaled-1-375x500.jpg 375w\" sizes=\"(max-width: 1920px) 100vw, 1920px\" \/><\/noscript><img decoding=\"async\" width=\"1920\" height=\"2560\" src=\"https:\/\/www.rivieradeifiori.it\/wp-content\/uploads\/2022\/05\/10-scaled-1.jpg\" class=\"wp-image-10798 vp-lazyload\" alt srcset=\"data:image\/svg+xml;base64,PHN2ZyB3aWR0aD0iMTkyMCIgaGVpZ2h0PSIyNTYwIiB2aWV3Qm94PSIwIDAgMTkyMCAyNTYwIiBmaWxsPSJub25lIiB4bWxucz0iaHR0cDovL3d3dy53My5vcmcvMjAwMC9zdmciPjwvc3ZnPg==\" data-src=\"https:\/\/www.rivieradeifiori.it\/wp-content\/uploads\/2022\/05\/10-scaled-1.jpg\" data-srcset=\"https:\/\/www.rivieradeifiori.it\/wp-content\/uploads\/2022\/05\/10-scaled-1.jpg 1920w, https:\/\/www.rivieradeifiori.it\/wp-content\/uploads\/2022\/05\/10-scaled-1-225x300.jpg 225w, https:\/\/www.rivieradeifiori.it\/wp-content\/uploads\/2022\/05\/10-scaled-1-953x1270.jpg 953w, https:\/\/www.rivieradeifiori.it\/wp-content\/uploads\/2022\/05\/10-scaled-1-1152x1536.jpg 1152w, https:\/\/www.rivieradeifiori.it\/wp-content\/uploads\/2022\/05\/10-scaled-1-1536x2048.jpg 1536w, https:\/\/www.rivieradeifiori.it\/wp-content\/uploads\/2022\/05\/10-scaled-1-500x667.jpg 500w, https:\/\/www.rivieradeifiori.it\/wp-content\/uploads\/2022\/05\/10-scaled-1-800x1067.jpg 800w, https:\/\/www.rivieradeifiori.it\/wp-content\/uploads\/2022\/05\/10-scaled-1-1280x1707.jpg 1280w, https:\/\/www.rivieradeifiori.it\/wp-content\/uploads\/2022\/05\/10-scaled-1-1080x1440.jpg 1080w, https:\/\/www.rivieradeifiori.it\/wp-content\/uploads\/2022\/05\/10-scaled-1-150x200.jpg 150w, https:\/\/www.rivieradeifiori.it\/wp-content\/uploads\/2022\/05\/10-scaled-1-375x500.jpg 375w\" data-sizes=\"auto\" loading=\"eager\">\n\t\t<div class=\"vp-portfolio__item-overlay\"><\/div>\n\n\t\t<\/a>\t<\/div>\n<\/div>\n\n\t<figcaption class=\"vp-portfolio__item-caption vp-portfolio__item-caption-text-align-center\">\n\t\t<div class=\"vp-portfolio__item-meta-wrap vp-portfolio__custom-scrollbar\">\n\t\t\t<div class=\"vp-portfolio__item-meta\">\n\t\t\t\t\n<h2 class=\"vp-portfolio__item-meta-title\">\n\t\t<a\n\t\thref=\"https:\/\/www.rivieradeifiori.it\/wp-content\/uploads\/2022\/05\/10-scaled-1.jpg\"\n\t\t\t>\n\tNervia Oasis &#8211; Camporosso Mare\/Ventimiglia \u00a9Innovation Media<\/a><\/h2>\n\t\t\t<\/div>\n\t\t<\/div>\n\t<\/figcaption>\n\t\t\t<\/figure>\n\t\t\t\t\t<\/div>\n\t\t\n\t\t<div\t\tclass=\"vp-portfolio__item-wrap vp-portfolio__item-uid-babe3a7b\" data-vp-filter=\"\" \t\t>\n\t\t\t<template class=\"vp-portfolio__item-popup\" data-vp-popup-img=\"https:\/\/www.rivieradeifiori.it\/wp-content\/uploads\/2018\/01\/IMG_1869-1920x1440.jpg\" data-vp-popup-img-srcset=\"https:\/\/www.rivieradeifiori.it\/wp-content\/uploads\/2018\/01\/IMG_1869-1920x1440.jpg 1920w, https:\/\/www.rivieradeifiori.it\/wp-content\/uploads\/2018\/01\/IMG_1869-1536x1152.jpg 1536w, https:\/\/www.rivieradeifiori.it\/wp-content\/uploads\/2018\/01\/IMG_1869-2048x1536.jpg 2048w, https:\/\/www.rivieradeifiori.it\/wp-content\/uploads\/2018\/01\/IMG_1869-300x225.jpg 300w, https:\/\/www.rivieradeifiori.it\/wp-content\/uploads\/2018\/01\/IMG_1869-1270x953.jpg 1270w, https:\/\/www.rivieradeifiori.it\/wp-content\/uploads\/2018\/01\/IMG_1869-500x375.jpg 500w, https:\/\/www.rivieradeifiori.it\/wp-content\/uploads\/2018\/01\/IMG_1869-800x600.jpg 800w, https:\/\/www.rivieradeifiori.it\/wp-content\/uploads\/2018\/01\/IMG_1869-1280x960.jpg 1280w, https:\/\/www.rivieradeifiori.it\/wp-content\/uploads\/2018\/01\/IMG_1869-1080x810.jpg 1080w, https:\/\/www.rivieradeifiori.it\/wp-content\/uploads\/2018\/01\/IMG_1869-150x113.jpg 150w, https:\/\/www.rivieradeifiori.it\/wp-content\/uploads\/2018\/01\/IMG_1869-510x382.jpg 510w, https:\/\/www.rivieradeifiori.it\/wp-content\/uploads\/2018\/01\/IMG_1869-610x458.jpg 610w\" data-vp-popup-img-size=\"1920x1440\" data-vp-popup-md-img=\"https:\/\/www.rivieradeifiori.it\/wp-content\/uploads\/2018\/01\/IMG_1869-800x600.jpg\" data-vp-popup-md-img-size=\"800x600\" data-vp-popup-sm-img=\"https:\/\/www.rivieradeifiori.it\/wp-content\/uploads\/2018\/01\/IMG_1869-500x375.jpg\" data-vp-popup-sm-img-size=\"500x375\">\n\t\t\t<h3 class=\"vp-portfolio__item-popup-title\">Biblioteca civica Aprosiana \u00a9Innovation Media<\/h3>\n\t\t<\/template>\n\t\t\t\t\t\t<figure class=\"vp-portfolio__item\">\n\t\t\t\t\n<div class=\"vp-portfolio__item-img-wrap\">\n\t<div class=\"vp-portfolio__item-img\">\n\t\t\t<a\n\t\thref=\"https:\/\/www.rivieradeifiori.it\/wp-content\/uploads\/2018\/01\/IMG_1869-1920x1440.jpg\"\n\t\t\t>\n\t\n\t\t<noscript><img decoding=\"async\" width=\"1920\" height=\"1440\" data-skip-lazy src=\"https:\/\/www.rivieradeifiori.it\/wp-content\/uploads\/2018\/01\/IMG_1869-1920x1440.jpg\" class=\"wp-image-6693\" alt=\"\" srcset=\"https:\/\/www.rivieradeifiori.it\/wp-content\/uploads\/2018\/01\/IMG_1869-1920x1440.jpg 1920w, https:\/\/www.rivieradeifiori.it\/wp-content\/uploads\/2018\/01\/IMG_1869-1536x1152.jpg 1536w, https:\/\/www.rivieradeifiori.it\/wp-content\/uploads\/2018\/01\/IMG_1869-2048x1536.jpg 2048w, https:\/\/www.rivieradeifiori.it\/wp-content\/uploads\/2018\/01\/IMG_1869-300x225.jpg 300w, https:\/\/www.rivieradeifiori.it\/wp-content\/uploads\/2018\/01\/IMG_1869-1270x953.jpg 1270w, https:\/\/www.rivieradeifiori.it\/wp-content\/uploads\/2018\/01\/IMG_1869-500x375.jpg 500w, https:\/\/www.rivieradeifiori.it\/wp-content\/uploads\/2018\/01\/IMG_1869-800x600.jpg 800w, https:\/\/www.rivieradeifiori.it\/wp-content\/uploads\/2018\/01\/IMG_1869-1280x960.jpg 1280w, https:\/\/www.rivieradeifiori.it\/wp-content\/uploads\/2018\/01\/IMG_1869-1080x810.jpg 1080w, https:\/\/www.rivieradeifiori.it\/wp-content\/uploads\/2018\/01\/IMG_1869-150x113.jpg 150w, https:\/\/www.rivieradeifiori.it\/wp-content\/uploads\/2018\/01\/IMG_1869-510x382.jpg 510w, https:\/\/www.rivieradeifiori.it\/wp-content\/uploads\/2018\/01\/IMG_1869-610x458.jpg 610w\" sizes=\"(max-width: 1920px) 100vw, 1920px\" \/><\/noscript><img decoding=\"async\" width=\"1920\" height=\"1440\" src=\"https:\/\/www.rivieradeifiori.it\/wp-content\/uploads\/2018\/01\/IMG_1869-1920x1440.jpg\" class=\"wp-image-6693 vp-lazyload\" alt srcset=\"data:image\/svg+xml;base64,PHN2ZyB3aWR0aD0iMTkyMCIgaGVpZ2h0PSIxNDQwIiB2aWV3Qm94PSIwIDAgMTkyMCAxNDQwIiBmaWxsPSJub25lIiB4bWxucz0iaHR0cDovL3d3dy53My5vcmcvMjAwMC9zdmciPjwvc3ZnPg==\" data-src=\"https:\/\/www.rivieradeifiori.it\/wp-content\/uploads\/2018\/01\/IMG_1869-1920x1440.jpg\" data-srcset=\"https:\/\/www.rivieradeifiori.it\/wp-content\/uploads\/2018\/01\/IMG_1869-1920x1440.jpg 1920w, https:\/\/www.rivieradeifiori.it\/wp-content\/uploads\/2018\/01\/IMG_1869-1536x1152.jpg 1536w, https:\/\/www.rivieradeifiori.it\/wp-content\/uploads\/2018\/01\/IMG_1869-2048x1536.jpg 2048w, https:\/\/www.rivieradeifiori.it\/wp-content\/uploads\/2018\/01\/IMG_1869-300x225.jpg 300w, https:\/\/www.rivieradeifiori.it\/wp-content\/uploads\/2018\/01\/IMG_1869-1270x953.jpg 1270w, https:\/\/www.rivieradeifiori.it\/wp-content\/uploads\/2018\/01\/IMG_1869-500x375.jpg 500w, https:\/\/www.rivieradeifiori.it\/wp-content\/uploads\/2018\/01\/IMG_1869-800x600.jpg 800w, https:\/\/www.rivieradeifiori.it\/wp-content\/uploads\/2018\/01\/IMG_1869-1280x960.jpg 1280w, https:\/\/www.rivieradeifiori.it\/wp-content\/uploads\/2018\/01\/IMG_1869-1080x810.jpg 1080w, https:\/\/www.rivieradeifiori.it\/wp-content\/uploads\/2018\/01\/IMG_1869-150x113.jpg 150w, https:\/\/www.rivieradeifiori.it\/wp-content\/uploads\/2018\/01\/IMG_1869-510x382.jpg 510w, https:\/\/www.rivieradeifiori.it\/wp-content\/uploads\/2018\/01\/IMG_1869-610x458.jpg 610w\" data-sizes=\"auto\" loading=\"eager\">\n\t\t<div class=\"vp-portfolio__item-overlay\"><\/div>\n\n\t\t<\/a>\t<\/div>\n<\/div>\n\n\t<figcaption class=\"vp-portfolio__item-caption vp-portfolio__item-caption-text-align-center\">\n\t\t<div class=\"vp-portfolio__item-meta-wrap vp-portfolio__custom-scrollbar\">\n\t\t\t<div class=\"vp-portfolio__item-meta\">\n\t\t\t\t\n<h2 class=\"vp-portfolio__item-meta-title\">\n\t\t<a\n\t\thref=\"https:\/\/www.rivieradeifiori.it\/wp-content\/uploads\/2018\/01\/IMG_1869-1920x1440.jpg\"\n\t\t\t>\n\tIMG_1869<\/a><\/h2>\n\t\t\t<\/div>\n\t\t<\/div>\n\t<\/figcaption>\n\t\t\t<\/figure>\n\t\t\t\t\t<\/div>\n\t\t\n\t\t<div\t\tclass=\"vp-portfolio__item-wrap vp-portfolio__item-uid-0f572fea\" data-vp-filter=\"\" \t\t>\n\t\t\t<template class=\"vp-portfolio__item-popup\" data-vp-popup-img=\"https:\/\/www.rivieradeifiori.it\/wp-content\/uploads\/2016\/12\/Albintimilium.jpg\" data-vp-popup-img-srcset=\"https:\/\/www.rivieradeifiori.it\/wp-content\/uploads\/2016\/12\/Albintimilium.jpg 1360w, https:\/\/www.rivieradeifiori.it\/wp-content\/uploads\/2016\/12\/Albintimilium-300x169.jpg 300w, https:\/\/www.rivieradeifiori.it\/wp-content\/uploads\/2016\/12\/Albintimilium-1270x714.jpg 1270w, https:\/\/www.rivieradeifiori.it\/wp-content\/uploads\/2016\/12\/Albintimilium-500x281.jpg 500w, https:\/\/www.rivieradeifiori.it\/wp-content\/uploads\/2016\/12\/Albintimilium-800x450.jpg 800w, https:\/\/www.rivieradeifiori.it\/wp-content\/uploads\/2016\/12\/Albintimilium-1280x720.jpg 1280w, https:\/\/www.rivieradeifiori.it\/wp-content\/uploads\/2016\/12\/Albintimilium-1080x608.jpg 1080w, https:\/\/www.rivieradeifiori.it\/wp-content\/uploads\/2016\/12\/Albintimilium-150x84.jpg 150w\" data-vp-popup-img-size=\"1360x765\" data-vp-popup-md-img=\"https:\/\/www.rivieradeifiori.it\/wp-content\/uploads\/2016\/12\/Albintimilium-800x450.jpg\" data-vp-popup-md-img-size=\"800x450\" data-vp-popup-sm-img=\"https:\/\/www.rivieradeifiori.it\/wp-content\/uploads\/2016\/12\/Albintimilium-500x281.jpg\" data-vp-popup-sm-img-size=\"500x281\">\n\t\t\t<h3 class=\"vp-portfolio__item-popup-title\">Teatro Romano &#8211; Albintimilium \u00a9Daniela Gandolfi<\/h3>\n\t\t<\/template>\n\t\t\t\t\t\t<figure class=\"vp-portfolio__item\">\n\t\t\t\t\n<div class=\"vp-portfolio__item-img-wrap\">\n\t<div class=\"vp-portfolio__item-img\">\n\t\t\t<a\n\t\thref=\"https:\/\/www.rivieradeifiori.it\/wp-content\/uploads\/2016\/12\/Albintimilium.jpg\"\n\t\t\t>\n\t\n\t\t<noscript><img decoding=\"async\" width=\"1360\" height=\"765\" data-skip-lazy src=\"https:\/\/www.rivieradeifiori.it\/wp-content\/uploads\/2016\/12\/Albintimilium.jpg\" class=\"wp-image-4045\" alt=\"\" srcset=\"https:\/\/www.rivieradeifiori.it\/wp-content\/uploads\/2016\/12\/Albintimilium.jpg 1360w, https:\/\/www.rivieradeifiori.it\/wp-content\/uploads\/2016\/12\/Albintimilium-300x169.jpg 300w, https:\/\/www.rivieradeifiori.it\/wp-content\/uploads\/2016\/12\/Albintimilium-1270x714.jpg 1270w, https:\/\/www.rivieradeifiori.it\/wp-content\/uploads\/2016\/12\/Albintimilium-500x281.jpg 500w, https:\/\/www.rivieradeifiori.it\/wp-content\/uploads\/2016\/12\/Albintimilium-800x450.jpg 800w, https:\/\/www.rivieradeifiori.it\/wp-content\/uploads\/2016\/12\/Albintimilium-1280x720.jpg 1280w, https:\/\/www.rivieradeifiori.it\/wp-content\/uploads\/2016\/12\/Albintimilium-1080x608.jpg 1080w, https:\/\/www.rivieradeifiori.it\/wp-content\/uploads\/2016\/12\/Albintimilium-150x84.jpg 150w\" sizes=\"(max-width: 1360px) 100vw, 1360px\" \/><\/noscript><img decoding=\"async\" width=\"1360\" height=\"765\" src=\"https:\/\/www.rivieradeifiori.it\/wp-content\/uploads\/2016\/12\/Albintimilium.jpg\" class=\"wp-image-4045 vp-lazyload\" alt srcset=\"data:image\/svg+xml;base64,PHN2ZyB3aWR0aD0iMTM2MCIgaGVpZ2h0PSI3NjUiIHZpZXdCb3g9IjAgMCAxMzYwIDc2NSIgZmlsbD0ibm9uZSIgeG1sbnM9Imh0dHA6Ly93d3cudzMub3JnLzIwMDAvc3ZnIj48L3N2Zz4=\" data-src=\"https:\/\/www.rivieradeifiori.it\/wp-content\/uploads\/2016\/12\/Albintimilium.jpg\" data-srcset=\"https:\/\/www.rivieradeifiori.it\/wp-content\/uploads\/2016\/12\/Albintimilium.jpg 1360w, https:\/\/www.rivieradeifiori.it\/wp-content\/uploads\/2016\/12\/Albintimilium-300x169.jpg 300w, https:\/\/www.rivieradeifiori.it\/wp-content\/uploads\/2016\/12\/Albintimilium-1270x714.jpg 1270w, https:\/\/www.rivieradeifiori.it\/wp-content\/uploads\/2016\/12\/Albintimilium-500x281.jpg 500w, https:\/\/www.rivieradeifiori.it\/wp-content\/uploads\/2016\/12\/Albintimilium-800x450.jpg 800w, https:\/\/www.rivieradeifiori.it\/wp-content\/uploads\/2016\/12\/Albintimilium-1280x720.jpg 1280w, https:\/\/www.rivieradeifiori.it\/wp-content\/uploads\/2016\/12\/Albintimilium-1080x608.jpg 1080w, https:\/\/www.rivieradeifiori.it\/wp-content\/uploads\/2016\/12\/Albintimilium-150x84.jpg 150w\" data-sizes=\"auto\" loading=\"eager\">\n\t\t<div class=\"vp-portfolio__item-overlay\"><\/div>\n\n\t\t<\/a>\t<\/div>\n<\/div>\n\n\t<figcaption class=\"vp-portfolio__item-caption vp-portfolio__item-caption-text-align-center\">\n\t\t<div class=\"vp-portfolio__item-meta-wrap vp-portfolio__custom-scrollbar\">\n\t\t\t<div class=\"vp-portfolio__item-meta\">\n\t\t\t\t\n<h2 class=\"vp-portfolio__item-meta-title\">\n\t\t<a\n\t\thref=\"https:\/\/www.rivieradeifiori.it\/wp-content\/uploads\/2016\/12\/Albintimilium.jpg\"\n\t\t\t>\n\tR\u00f6misches Theater &#8211; Albintimilium \u00a9Daniela Gandolfi<\/a><\/h2>\n\t\t\t<\/div>\n\t\t<\/div>\n\t<\/figcaption>\n\t\t\t<\/figure>\n\t\t\t\t\t<\/div>\n\t\t\n\t\t<div\t\tclass=\"vp-portfolio__item-wrap vp-portfolio__item-uid-226efd18\" data-vp-filter=\"\" \t\t>\n\t\t\t<template class=\"vp-portfolio__item-popup\" data-vp-popup-img=\"https:\/\/www.rivieradeifiori.it\/wp-content\/uploads\/2022\/05\/IMG_1995-scaled-1-1920x1440.jpg\" data-vp-popup-img-srcset=\"https:\/\/www.rivieradeifiori.it\/wp-content\/uploads\/2022\/05\/IMG_1995-scaled-1-1920x1440.jpg 1920w, https:\/\/www.rivieradeifiori.it\/wp-content\/uploads\/2022\/05\/IMG_1995-scaled-1-300x225.jpg 300w, https:\/\/www.rivieradeifiori.it\/wp-content\/uploads\/2022\/05\/IMG_1995-scaled-1-1270x953.jpg 1270w, https:\/\/www.rivieradeifiori.it\/wp-content\/uploads\/2022\/05\/IMG_1995-scaled-1-1536x1152.jpg 1536w, https:\/\/www.rivieradeifiori.it\/wp-content\/uploads\/2022\/05\/IMG_1995-scaled-1-2048x1536.jpg 2048w, https:\/\/www.rivieradeifiori.it\/wp-content\/uploads\/2022\/05\/IMG_1995-scaled-1-500x375.jpg 500w, https:\/\/www.rivieradeifiori.it\/wp-content\/uploads\/2022\/05\/IMG_1995-scaled-1-800x600.jpg 800w, https:\/\/www.rivieradeifiori.it\/wp-content\/uploads\/2022\/05\/IMG_1995-scaled-1-1280x960.jpg 1280w, https:\/\/www.rivieradeifiori.it\/wp-content\/uploads\/2022\/05\/IMG_1995-scaled-1-1080x810.jpg 1080w, https:\/\/www.rivieradeifiori.it\/wp-content\/uploads\/2022\/05\/IMG_1995-scaled-1-150x113.jpg 150w\" data-vp-popup-img-size=\"1920x1440\" data-vp-popup-md-img=\"https:\/\/www.rivieradeifiori.it\/wp-content\/uploads\/2022\/05\/IMG_1995-scaled-1-800x600.jpg\" data-vp-popup-md-img-size=\"800x600\" data-vp-popup-sm-img=\"https:\/\/www.rivieradeifiori.it\/wp-content\/uploads\/2022\/05\/IMG_1995-scaled-1-500x375.jpg\" data-vp-popup-sm-img-size=\"500x375\">\n\t\t\t<h3 class=\"vp-portfolio__item-popup-title\">Pr\u00e4historisches Museum der \u00abBalzi Rossi\u00bb &#8211; Ventimiglia \u00a9 Innovation Media<\/h3>\n\t\t<\/template>\n\t\t\t\t\t\t<figure class=\"vp-portfolio__item\">\n\t\t\t\t\n<div class=\"vp-portfolio__item-img-wrap\">\n\t<div class=\"vp-portfolio__item-img\">\n\t\t\t<a\n\t\thref=\"https:\/\/www.rivieradeifiori.it\/wp-content\/uploads\/2022\/05\/IMG_1995-scaled-1-1920x1440.jpg\"\n\t\t\t>\n\t\n\t\t<noscript><img decoding=\"async\" width=\"1920\" height=\"1440\" data-skip-lazy src=\"https:\/\/www.rivieradeifiori.it\/wp-content\/uploads\/2022\/05\/IMG_1995-scaled-1-1920x1440.jpg\" class=\"wp-image-11583\" alt=\"\" srcset=\"https:\/\/www.rivieradeifiori.it\/wp-content\/uploads\/2022\/05\/IMG_1995-scaled-1-1920x1440.jpg 1920w, https:\/\/www.rivieradeifiori.it\/wp-content\/uploads\/2022\/05\/IMG_1995-scaled-1-300x225.jpg 300w, https:\/\/www.rivieradeifiori.it\/wp-content\/uploads\/2022\/05\/IMG_1995-scaled-1-1270x953.jpg 1270w, https:\/\/www.rivieradeifiori.it\/wp-content\/uploads\/2022\/05\/IMG_1995-scaled-1-1536x1152.jpg 1536w, https:\/\/www.rivieradeifiori.it\/wp-content\/uploads\/2022\/05\/IMG_1995-scaled-1-2048x1536.jpg 2048w, https:\/\/www.rivieradeifiori.it\/wp-content\/uploads\/2022\/05\/IMG_1995-scaled-1-500x375.jpg 500w, https:\/\/www.rivieradeifiori.it\/wp-content\/uploads\/2022\/05\/IMG_1995-scaled-1-800x600.jpg 800w, https:\/\/www.rivieradeifiori.it\/wp-content\/uploads\/2022\/05\/IMG_1995-scaled-1-1280x960.jpg 1280w, https:\/\/www.rivieradeifiori.it\/wp-content\/uploads\/2022\/05\/IMG_1995-scaled-1-1080x810.jpg 1080w, https:\/\/www.rivieradeifiori.it\/wp-content\/uploads\/2022\/05\/IMG_1995-scaled-1-150x113.jpg 150w\" sizes=\"(max-width: 1920px) 100vw, 1920px\" \/><\/noscript><img decoding=\"async\" width=\"1920\" height=\"1440\" src=\"https:\/\/www.rivieradeifiori.it\/wp-content\/uploads\/2022\/05\/IMG_1995-scaled-1-1920x1440.jpg\" class=\"wp-image-11583 vp-lazyload\" alt srcset=\"data:image\/svg+xml;base64,PHN2ZyB3aWR0aD0iMTkyMCIgaGVpZ2h0PSIxNDQwIiB2aWV3Qm94PSIwIDAgMTkyMCAxNDQwIiBmaWxsPSJub25lIiB4bWxucz0iaHR0cDovL3d3dy53My5vcmcvMjAwMC9zdmciPjwvc3ZnPg==\" data-src=\"https:\/\/www.rivieradeifiori.it\/wp-content\/uploads\/2022\/05\/IMG_1995-scaled-1-1920x1440.jpg\" data-srcset=\"https:\/\/www.rivieradeifiori.it\/wp-content\/uploads\/2022\/05\/IMG_1995-scaled-1-1920x1440.jpg 1920w, https:\/\/www.rivieradeifiori.it\/wp-content\/uploads\/2022\/05\/IMG_1995-scaled-1-300x225.jpg 300w, https:\/\/www.rivieradeifiori.it\/wp-content\/uploads\/2022\/05\/IMG_1995-scaled-1-1270x953.jpg 1270w, https:\/\/www.rivieradeifiori.it\/wp-content\/uploads\/2022\/05\/IMG_1995-scaled-1-1536x1152.jpg 1536w, https:\/\/www.rivieradeifiori.it\/wp-content\/uploads\/2022\/05\/IMG_1995-scaled-1-2048x1536.jpg 2048w, https:\/\/www.rivieradeifiori.it\/wp-content\/uploads\/2022\/05\/IMG_1995-scaled-1-500x375.jpg 500w, https:\/\/www.rivieradeifiori.it\/wp-content\/uploads\/2022\/05\/IMG_1995-scaled-1-800x600.jpg 800w, https:\/\/www.rivieradeifiori.it\/wp-content\/uploads\/2022\/05\/IMG_1995-scaled-1-1280x960.jpg 1280w, https:\/\/www.rivieradeifiori.it\/wp-content\/uploads\/2022\/05\/IMG_1995-scaled-1-1080x810.jpg 1080w, https:\/\/www.rivieradeifiori.it\/wp-content\/uploads\/2022\/05\/IMG_1995-scaled-1-150x113.jpg 150w\" data-sizes=\"auto\" loading=\"eager\">\n\t\t<div class=\"vp-portfolio__item-overlay\"><\/div>\n\n\t\t<\/a>\t<\/div>\n<\/div>\n\n\t<figcaption class=\"vp-portfolio__item-caption vp-portfolio__item-caption-text-align-center\">\n\t\t<div class=\"vp-portfolio__item-meta-wrap vp-portfolio__custom-scrollbar\">\n\t\t\t<div class=\"vp-portfolio__item-meta\">\n\t\t\t\t\n<h2 class=\"vp-portfolio__item-meta-title\">\n\t\t<a\n\t\thref=\"https:\/\/www.rivieradeifiori.it\/wp-content\/uploads\/2022\/05\/IMG_1995-scaled-1-1920x1440.jpg\"\n\t\t\t>\n\tPr\u00e4historisches Museum Balzi Rossi &#8211; Ventimiglia \u00a9Innovation Media<\/a><\/h2>\n\t\t\t<\/div>\n\t\t<\/div>\n\t<\/figcaption>\n\t\t\t<\/figure>\n\t\t\t\t\t<\/div>\n\t\t\n\t\t<div\t\tclass=\"vp-portfolio__item-wrap vp-portfolio__item-uid-c3728a8a\" data-vp-filter=\"\" \t\t>\n\t\t\t<template class=\"vp-portfolio__item-popup\" data-vp-popup-img=\"https:\/\/www.rivieradeifiori.it\/wp-content\/uploads\/2022\/05\/IMG_1650-1920x1440.jpeg\" data-vp-popup-img-srcset=\"https:\/\/www.rivieradeifiori.it\/wp-content\/uploads\/2022\/05\/IMG_1650-1920x1440.jpeg 1920w, https:\/\/www.rivieradeifiori.it\/wp-content\/uploads\/2022\/05\/IMG_1650-300x225.jpeg 300w, https:\/\/www.rivieradeifiori.it\/wp-content\/uploads\/2022\/05\/IMG_1650.jpeg 2048w, https:\/\/www.rivieradeifiori.it\/wp-content\/uploads\/2022\/05\/IMG_1650-1270x953.jpeg 1270w, https:\/\/www.rivieradeifiori.it\/wp-content\/uploads\/2022\/05\/IMG_1650-1536x1152.jpeg 1536w, https:\/\/www.rivieradeifiori.it\/wp-content\/uploads\/2022\/05\/IMG_1650-500x375.jpeg 500w, https:\/\/www.rivieradeifiori.it\/wp-content\/uploads\/2022\/05\/IMG_1650-800x600.jpeg 800w, https:\/\/www.rivieradeifiori.it\/wp-content\/uploads\/2022\/05\/IMG_1650-1280x960.jpeg 1280w, https:\/\/www.rivieradeifiori.it\/wp-content\/uploads\/2022\/05\/IMG_1650-1080x810.jpeg 1080w, https:\/\/www.rivieradeifiori.it\/wp-content\/uploads\/2022\/05\/IMG_1650-150x113.jpeg 150w\" data-vp-popup-img-size=\"1920x1440\" data-vp-popup-md-img=\"https:\/\/www.rivieradeifiori.it\/wp-content\/uploads\/2022\/05\/IMG_1650-800x600.jpeg\" data-vp-popup-md-img-size=\"800x600\" data-vp-popup-sm-img=\"https:\/\/www.rivieradeifiori.it\/wp-content\/uploads\/2022\/05\/IMG_1650-500x375.jpeg\" data-vp-popup-sm-img-size=\"500x375\">\n\t\t\t<h3 class=\"vp-portfolio__item-popup-title\">Ventimiglia Alta \u00a9Innovation Media<\/h3>\n\t\t<\/template>\n\t\t\t\t\t\t<figure class=\"vp-portfolio__item\">\n\t\t\t\t\n<div class=\"vp-portfolio__item-img-wrap\">\n\t<div class=\"vp-portfolio__item-img\">\n\t\t\t<a\n\t\thref=\"https:\/\/www.rivieradeifiori.it\/wp-content\/uploads\/2022\/05\/IMG_1650-1920x1440.jpeg\"\n\t\t\t>\n\t\n\t\t<noscript><img decoding=\"async\" width=\"1920\" height=\"1440\" data-skip-lazy src=\"https:\/\/www.rivieradeifiori.it\/wp-content\/uploads\/2022\/05\/IMG_1650-1920x1440.jpeg\" class=\"wp-image-11578\" alt=\"\" srcset=\"https:\/\/www.rivieradeifiori.it\/wp-content\/uploads\/2022\/05\/IMG_1650-1920x1440.jpeg 1920w, https:\/\/www.rivieradeifiori.it\/wp-content\/uploads\/2022\/05\/IMG_1650-300x225.jpeg 300w, https:\/\/www.rivieradeifiori.it\/wp-content\/uploads\/2022\/05\/IMG_1650.jpeg 2048w, https:\/\/www.rivieradeifiori.it\/wp-content\/uploads\/2022\/05\/IMG_1650-1270x953.jpeg 1270w, https:\/\/www.rivieradeifiori.it\/wp-content\/uploads\/2022\/05\/IMG_1650-1536x1152.jpeg 1536w, https:\/\/www.rivieradeifiori.it\/wp-content\/uploads\/2022\/05\/IMG_1650-500x375.jpeg 500w, https:\/\/www.rivieradeifiori.it\/wp-content\/uploads\/2022\/05\/IMG_1650-800x600.jpeg 800w, https:\/\/www.rivieradeifiori.it\/wp-content\/uploads\/2022\/05\/IMG_1650-1280x960.jpeg 1280w, https:\/\/www.rivieradeifiori.it\/wp-content\/uploads\/2022\/05\/IMG_1650-1080x810.jpeg 1080w, https:\/\/www.rivieradeifiori.it\/wp-content\/uploads\/2022\/05\/IMG_1650-150x113.jpeg 150w\" sizes=\"(max-width: 1920px) 100vw, 1920px\" \/><\/noscript><img decoding=\"async\" width=\"1920\" height=\"1440\" src=\"https:\/\/www.rivieradeifiori.it\/wp-content\/uploads\/2022\/05\/IMG_1650-1920x1440.jpeg\" class=\"wp-image-11578 vp-lazyload\" alt srcset=\"data:image\/svg+xml;base64,PHN2ZyB3aWR0aD0iMTkyMCIgaGVpZ2h0PSIxNDQwIiB2aWV3Qm94PSIwIDAgMTkyMCAxNDQwIiBmaWxsPSJub25lIiB4bWxucz0iaHR0cDovL3d3dy53My5vcmcvMjAwMC9zdmciPjwvc3ZnPg==\" data-src=\"https:\/\/www.rivieradeifiori.it\/wp-content\/uploads\/2022\/05\/IMG_1650-1920x1440.jpeg\" data-srcset=\"https:\/\/www.rivieradeifiori.it\/wp-content\/uploads\/2022\/05\/IMG_1650-1920x1440.jpeg 1920w, https:\/\/www.rivieradeifiori.it\/wp-content\/uploads\/2022\/05\/IMG_1650-300x225.jpeg 300w, https:\/\/www.rivieradeifiori.it\/wp-content\/uploads\/2022\/05\/IMG_1650.jpeg 2048w, https:\/\/www.rivieradeifiori.it\/wp-content\/uploads\/2022\/05\/IMG_1650-1270x953.jpeg 1270w, https:\/\/www.rivieradeifiori.it\/wp-content\/uploads\/2022\/05\/IMG_1650-1536x1152.jpeg 1536w, https:\/\/www.rivieradeifiori.it\/wp-content\/uploads\/2022\/05\/IMG_1650-500x375.jpeg 500w, https:\/\/www.rivieradeifiori.it\/wp-content\/uploads\/2022\/05\/IMG_1650-800x600.jpeg 800w, https:\/\/www.rivieradeifiori.it\/wp-content\/uploads\/2022\/05\/IMG_1650-1280x960.jpeg 1280w, https:\/\/www.rivieradeifiori.it\/wp-content\/uploads\/2022\/05\/IMG_1650-1080x810.jpeg 1080w, https:\/\/www.rivieradeifiori.it\/wp-content\/uploads\/2022\/05\/IMG_1650-150x113.jpeg 150w\" data-sizes=\"auto\" loading=\"eager\">\n\t\t<div class=\"vp-portfolio__item-overlay\"><\/div>\n\n\t\t<\/a>\t<\/div>\n<\/div>\n\n\t<figcaption class=\"vp-portfolio__item-caption vp-portfolio__item-caption-text-align-center\">\n\t\t<div class=\"vp-portfolio__item-meta-wrap vp-portfolio__custom-scrollbar\">\n\t\t\t<div class=\"vp-portfolio__item-meta\">\n\t\t\t\t\n<h2 class=\"vp-portfolio__item-meta-title\">\n\t\t<a\n\t\thref=\"https:\/\/www.rivieradeifiori.it\/wp-content\/uploads\/2022\/05\/IMG_1650-1920x1440.jpeg\"\n\t\t\t>\n\tVentimiglia Alta \u00a9Innovation Media<\/a><\/h2>\n\t\t\t<\/div>\n\t\t<\/div>\n\t<\/figcaption>\n\t\t\t<\/figure>\n\t\t\t\t\t<\/div>\n\t\t\n\t\t<div\t\tclass=\"vp-portfolio__item-wrap vp-portfolio__item-uid-b4d1d364\" data-vp-filter=\"\" \t\t>\n\t\t\t<template class=\"vp-portfolio__item-popup\" data-vp-popup-img=\"https:\/\/www.rivieradeifiori.it\/wp-content\/uploads\/2022\/05\/IMG_1105.jpeg\" data-vp-popup-img-srcset=\"https:\/\/www.rivieradeifiori.it\/wp-content\/uploads\/2022\/05\/IMG_1105.jpeg 1536w, https:\/\/www.rivieradeifiori.it\/wp-content\/uploads\/2022\/05\/IMG_1105-225x300.jpeg 225w, https:\/\/www.rivieradeifiori.it\/wp-content\/uploads\/2022\/05\/IMG_1105-953x1270.jpeg 953w, https:\/\/www.rivieradeifiori.it\/wp-content\/uploads\/2022\/05\/IMG_1105-1152x1536.jpeg 1152w, https:\/\/www.rivieradeifiori.it\/wp-content\/uploads\/2022\/05\/IMG_1105-500x667.jpeg 500w, https:\/\/www.rivieradeifiori.it\/wp-content\/uploads\/2022\/05\/IMG_1105-800x1067.jpeg 800w, https:\/\/www.rivieradeifiori.it\/wp-content\/uploads\/2022\/05\/IMG_1105-1280x1707.jpeg 1280w, https:\/\/www.rivieradeifiori.it\/wp-content\/uploads\/2022\/05\/IMG_1105-1080x1440.jpeg 1080w, https:\/\/www.rivieradeifiori.it\/wp-content\/uploads\/2022\/05\/IMG_1105-150x200.jpeg 150w, https:\/\/www.rivieradeifiori.it\/wp-content\/uploads\/2022\/05\/IMG_1105-375x500.jpeg 375w\" data-vp-popup-img-size=\"1536x2048\" data-vp-popup-md-img=\"https:\/\/www.rivieradeifiori.it\/wp-content\/uploads\/2022\/05\/IMG_1105-800x1067.jpeg\" data-vp-popup-md-img-size=\"800x1067\" data-vp-popup-sm-img=\"https:\/\/www.rivieradeifiori.it\/wp-content\/uploads\/2022\/05\/IMG_1105-500x667.jpeg\" data-vp-popup-sm-img-size=\"500x667\">\n\t\t\t<h3 class=\"vp-portfolio__item-popup-title\">Oratorio dei Neri &#8211; Ventimiglia alta \u00a9Innovation Media<\/h3>\n\t\t<\/template>\n\t\t\t\t\t\t<figure class=\"vp-portfolio__item\">\n\t\t\t\t\n<div class=\"vp-portfolio__item-img-wrap\">\n\t<div class=\"vp-portfolio__item-img\">\n\t\t\t<a\n\t\thref=\"https:\/\/www.rivieradeifiori.it\/wp-content\/uploads\/2022\/05\/IMG_1105.jpeg\"\n\t\t\t>\n\t\n\t\t<noscript><img decoding=\"async\" width=\"1536\" height=\"2048\" data-skip-lazy src=\"https:\/\/www.rivieradeifiori.it\/wp-content\/uploads\/2022\/05\/IMG_1105.jpeg\" class=\"wp-image-11543\" alt=\"\" srcset=\"https:\/\/www.rivieradeifiori.it\/wp-content\/uploads\/2022\/05\/IMG_1105.jpeg 1536w, https:\/\/www.rivieradeifiori.it\/wp-content\/uploads\/2022\/05\/IMG_1105-225x300.jpeg 225w, https:\/\/www.rivieradeifiori.it\/wp-content\/uploads\/2022\/05\/IMG_1105-953x1270.jpeg 953w, https:\/\/www.rivieradeifiori.it\/wp-content\/uploads\/2022\/05\/IMG_1105-1152x1536.jpeg 1152w, https:\/\/www.rivieradeifiori.it\/wp-content\/uploads\/2022\/05\/IMG_1105-500x667.jpeg 500w, https:\/\/www.rivieradeifiori.it\/wp-content\/uploads\/2022\/05\/IMG_1105-800x1067.jpeg 800w, https:\/\/www.rivieradeifiori.it\/wp-content\/uploads\/2022\/05\/IMG_1105-1280x1707.jpeg 1280w, https:\/\/www.rivieradeifiori.it\/wp-content\/uploads\/2022\/05\/IMG_1105-1080x1440.jpeg 1080w, https:\/\/www.rivieradeifiori.it\/wp-content\/uploads\/2022\/05\/IMG_1105-150x200.jpeg 150w, https:\/\/www.rivieradeifiori.it\/wp-content\/uploads\/2022\/05\/IMG_1105-375x500.jpeg 375w\" sizes=\"(max-width: 1536px) 100vw, 1536px\" \/><\/noscript><img decoding=\"async\" width=\"1536\" height=\"2048\" src=\"https:\/\/www.rivieradeifiori.it\/wp-content\/uploads\/2022\/05\/IMG_1105.jpeg\" class=\"wp-image-11543 vp-lazyload\" alt srcset=\"data:image\/svg+xml;base64,PHN2ZyB3aWR0aD0iMTUzNiIgaGVpZ2h0PSIyMDQ4IiB2aWV3Qm94PSIwIDAgMTUzNiAyMDQ4IiBmaWxsPSJub25lIiB4bWxucz0iaHR0cDovL3d3dy53My5vcmcvMjAwMC9zdmciPjwvc3ZnPg==\" data-src=\"https:\/\/www.rivieradeifiori.it\/wp-content\/uploads\/2022\/05\/IMG_1105.jpeg\" data-srcset=\"https:\/\/www.rivieradeifiori.it\/wp-content\/uploads\/2022\/05\/IMG_1105.jpeg 1536w, https:\/\/www.rivieradeifiori.it\/wp-content\/uploads\/2022\/05\/IMG_1105-225x300.jpeg 225w, https:\/\/www.rivieradeifiori.it\/wp-content\/uploads\/2022\/05\/IMG_1105-953x1270.jpeg 953w, https:\/\/www.rivieradeifiori.it\/wp-content\/uploads\/2022\/05\/IMG_1105-1152x1536.jpeg 1152w, https:\/\/www.rivieradeifiori.it\/wp-content\/uploads\/2022\/05\/IMG_1105-500x667.jpeg 500w, https:\/\/www.rivieradeifiori.it\/wp-content\/uploads\/2022\/05\/IMG_1105-800x1067.jpeg 800w, https:\/\/www.rivieradeifiori.it\/wp-content\/uploads\/2022\/05\/IMG_1105-1280x1707.jpeg 1280w, https:\/\/www.rivieradeifiori.it\/wp-content\/uploads\/2022\/05\/IMG_1105-1080x1440.jpeg 1080w, https:\/\/www.rivieradeifiori.it\/wp-content\/uploads\/2022\/05\/IMG_1105-150x200.jpeg 150w, https:\/\/www.rivieradeifiori.it\/wp-content\/uploads\/2022\/05\/IMG_1105-375x500.jpeg 375w\" data-sizes=\"auto\" loading=\"eager\">\n\t\t<div class=\"vp-portfolio__item-overlay\"><\/div>\n\n\t\t<\/a>\t<\/div>\n<\/div>\n\n\t<figcaption class=\"vp-portfolio__item-caption vp-portfolio__item-caption-text-align-center\">\n\t\t<div class=\"vp-portfolio__item-meta-wrap vp-portfolio__custom-scrollbar\">\n\t\t\t<div class=\"vp-portfolio__item-meta\">\n\t\t\t\t\n<h2 class=\"vp-portfolio__item-meta-title\">\n\t\t<a\n\t\thref=\"https:\/\/www.rivieradeifiori.it\/wp-content\/uploads\/2022\/05\/IMG_1105.jpeg\"\n\t\t\t>\n\tOratorio dei Neri &#8211; Ventimiglia alta \u00a9Innovation Media<\/a><\/h2>\n\t\t\t<\/div>\n\t\t<\/div>\n\t<\/figcaption>\n\t\t\t<\/figure>\n\t\t\t\t\t<\/div>\n\t\t\n<\/div>\n\t\t<\/div>\n\t\t\n<\/div>\n<\/div>","protected":false},"excerpt":{"rendered":"<p>Ventimiglia, das &#8220;Blumentor Italiens&#8221; Ein Kreuzungspunkt von Welten, die so nah beieinander liegen und doch oft Lichtjahre voneinander entfernt sind, im Tal des Flusses Roja, zwischen den nur wenige Kilometer entfernten Alpenlandschaften und der W\u00e4rme des Mittelmeers, \u00f6ffnet sich zu den piemontesischen T\u00e4lern, dem F\u00fcrstentum Monaco und Frankreich mit der C\u00f4te d&#8217;Azur und schlie\u00dflich zur [&hellip;]<\/p>\n","protected":false},"author":1,"featured_media":12443,"comment_status":"closed","ping_status":"open","sticky":false,"template":"","format":"standard","meta":{"_et_pb_use_builder":"off","_et_pb_old_content":"","_et_gb_content_width":"","_eb_attr":"","_vp_format_video_url":"","_vp_image_focal_point":[],"_vp_custom_popup_image":0,"_vp_format_audio_url":"","_vp_custom_thumbnail":0,"_vp_custom_thumbnail_focal_point":[],"_vp_hover_thumbnail":0,"_vp_hover_thumbnail_focal_point":[],"footnotes":""},"categories":[939,927],"tags":[1333,1232,1384,291],"class_list":["post-13881","post","type-post","status-publish","format-standard","has-post-thumbnail","hentry","category-die-kueste","category-roja-tal-colle-di-tenda","tag-die-kueste","tag-la-costa-de","tag-roja-tal-colle-di-tenda","tag-ventimiglia-de","et-has-post-format-content","et_post_format-et-post-format-standard"],"yoast_head":"<!-- This site is optimized with the Yoast SEO plugin v25.7 - https:\/\/yoast.com\/wordpress\/plugins\/seo\/ -->\n<title>Ventimiglia - Die K\u00fcste - Riviera dei Fiori<\/title>\n<meta name=\"robots\" content=\"index, follow, max-snippet:-1, max-image-preview:large, max-video-preview:-1\" \/>\n<link rel=\"canonical\" href=\"https:\/\/www.rivieradeifiori.it\/de\/meer-und-land\/die-kueste\/ventimiglia\/\" \/>\n<meta name=\"twitter:label1\" content=\"Verfasst von\" \/>\n\t<meta name=\"twitter:data1\" content=\"Luca Giovannetti\" \/>\n\t<meta name=\"twitter:label2\" content=\"Gesch\u00e4tzte Lesezeit\" \/>\n\t<meta name=\"twitter:data2\" content=\"3\u00a0Minuten\" \/>\n<script type=\"application\/ld+json\" class=\"yoast-schema-graph\">{\"@context\":\"https:\/\/schema.org\",\"@graph\":[{\"@type\":\"WebPage\",\"@id\":\"https:\/\/www.rivieradeifiori.it\/de\/meer-und-land\/die-kueste\/ventimiglia\/\",\"url\":\"https:\/\/www.rivieradeifiori.it\/de\/meer-und-land\/die-kueste\/ventimiglia\/\",\"name\":\"Ventimiglia - Die K\u00fcste - Riviera dei Fiori\",\"isPartOf\":{\"@id\":\"https:\/\/www.rivieradeifiori.it\/de\/#website\"},\"primaryImageOfPage\":{\"@id\":\"https:\/\/www.rivieradeifiori.it\/de\/meer-und-land\/die-kueste\/ventimiglia\/#primaryimage\"},\"image\":{\"@id\":\"https:\/\/www.rivieradeifiori.it\/de\/meer-und-land\/die-kueste\/ventimiglia\/#primaryimage\"},\"thumbnailUrl\":\"https:\/\/www.rivieradeifiori.it\/wp-content\/uploads\/2022\/05\/IMG_9473.jpeg\",\"datePublished\":\"2022-05-26T21:22:41+00:00\",\"dateModified\":\"2023-02-03T17:12:48+00:00\",\"author\":{\"@id\":\"https:\/\/www.rivieradeifiori.it\/de\/#\/schema\/person\/6cc4e4ed0d74f08798811653e64f69ed\"},\"breadcrumb\":{\"@id\":\"https:\/\/www.rivieradeifiori.it\/de\/meer-und-land\/die-kueste\/ventimiglia\/#breadcrumb\"},\"inLanguage\":\"de\",\"potentialAction\":[{\"@type\":\"ReadAction\",\"target\":[\"https:\/\/www.rivieradeifiori.it\/de\/meer-und-land\/die-kueste\/ventimiglia\/\"]}]},{\"@type\":\"ImageObject\",\"inLanguage\":\"de\",\"@id\":\"https:\/\/www.rivieradeifiori.it\/de\/meer-und-land\/die-kueste\/ventimiglia\/#primaryimage\",\"url\":\"https:\/\/www.rivieradeifiori.it\/wp-content\/uploads\/2022\/05\/IMG_9473.jpeg\",\"contentUrl\":\"https:\/\/www.rivieradeifiori.it\/wp-content\/uploads\/2022\/05\/IMG_9473.jpeg\",\"width\":2048,\"height\":1536,\"caption\":\"Das Meer von Ventimiglia - Rote Wand \u00a9Innovation Media\"},{\"@type\":\"BreadcrumbList\",\"@id\":\"https:\/\/www.rivieradeifiori.it\/de\/meer-und-land\/die-kueste\/ventimiglia\/#breadcrumb\",\"itemListElement\":[{\"@type\":\"ListItem\",\"position\":1,\"name\":\"Home\",\"item\":\"https:\/\/www.rivieradeifiori.it\/de\/\"},{\"@type\":\"ListItem\",\"position\":2,\"name\":\"Ventimiglia\"}]},{\"@type\":\"WebSite\",\"@id\":\"https:\/\/www.rivieradeifiori.it\/de\/#website\",\"url\":\"https:\/\/www.rivieradeifiori.it\/de\/\",\"name\":\"Riviera dei Fiori\",\"description\":\"Un mare di colori\",\"potentialAction\":[{\"@type\":\"SearchAction\",\"target\":{\"@type\":\"EntryPoint\",\"urlTemplate\":\"https:\/\/www.rivieradeifiori.it\/de\/?s={search_term_string}\"},\"query-input\":{\"@type\":\"PropertyValueSpecification\",\"valueRequired\":true,\"valueName\":\"search_term_string\"}}],\"inLanguage\":\"de\"},{\"@type\":\"Person\",\"@id\":\"https:\/\/www.rivieradeifiori.it\/de\/#\/schema\/person\/6cc4e4ed0d74f08798811653e64f69ed\",\"name\":\"Luca Giovannetti\",\"image\":{\"@type\":\"ImageObject\",\"inLanguage\":\"de\",\"@id\":\"https:\/\/www.rivieradeifiori.it\/de\/#\/schema\/person\/image\/\",\"url\":\"https:\/\/secure.gravatar.com\/avatar\/092abda2284c50268e586151e014cf903142e524662c62577231430ea44340cf?s=96&r=g&d=https:\/\/www.rivieradeifiori.it\/wp-content\/plugins\/userswp\/assets\/images\/no_profile.png\",\"contentUrl\":\"https:\/\/secure.gravatar.com\/avatar\/092abda2284c50268e586151e014cf903142e524662c62577231430ea44340cf?s=96&r=g&d=https:\/\/www.rivieradeifiori.it\/wp-content\/plugins\/userswp\/assets\/images\/no_profile.png\",\"caption\":\"Luca Giovannetti\"}}]}<\/script>\n<!-- \/ Yoast SEO plugin. -->","yoast_head_json":{"title":"Ventimiglia - Die K\u00fcste - Riviera dei Fiori","robots":{"index":"index","follow":"follow","max-snippet":"max-snippet:-1","max-image-preview":"max-image-preview:large","max-video-preview":"max-video-preview:-1"},"canonical":"https:\/\/www.rivieradeifiori.it\/de\/meer-und-land\/die-kueste\/ventimiglia\/","twitter_misc":{"Verfasst von":"Luca Giovannetti","Gesch\u00e4tzte Lesezeit":"3\u00a0Minuten"},"schema":{"@context":"https:\/\/schema.org","@graph":[{"@type":"WebPage","@id":"https:\/\/www.rivieradeifiori.it\/de\/meer-und-land\/die-kueste\/ventimiglia\/","url":"https:\/\/www.rivieradeifiori.it\/de\/meer-und-land\/die-kueste\/ventimiglia\/","name":"Ventimiglia - Die K\u00fcste - Riviera dei Fiori","isPartOf":{"@id":"https:\/\/www.rivieradeifiori.it\/de\/#website"},"primaryImageOfPage":{"@id":"https:\/\/www.rivieradeifiori.it\/de\/meer-und-land\/die-kueste\/ventimiglia\/#primaryimage"},"image":{"@id":"https:\/\/www.rivieradeifiori.it\/de\/meer-und-land\/die-kueste\/ventimiglia\/#primaryimage"},"thumbnailUrl":"https:\/\/www.rivieradeifiori.it\/wp-content\/uploads\/2022\/05\/IMG_9473.jpeg","datePublished":"2022-05-26T21:22:41+00:00","dateModified":"2023-02-03T17:12:48+00:00","author":{"@id":"https:\/\/www.rivieradeifiori.it\/de\/#\/schema\/person\/6cc4e4ed0d74f08798811653e64f69ed"},"breadcrumb":{"@id":"https:\/\/www.rivieradeifiori.it\/de\/meer-und-land\/die-kueste\/ventimiglia\/#breadcrumb"},"inLanguage":"de","potentialAction":[{"@type":"ReadAction","target":["https:\/\/www.rivieradeifiori.it\/de\/meer-und-land\/die-kueste\/ventimiglia\/"]}]},{"@type":"ImageObject","inLanguage":"de","@id":"https:\/\/www.rivieradeifiori.it\/de\/meer-und-land\/die-kueste\/ventimiglia\/#primaryimage","url":"https:\/\/www.rivieradeifiori.it\/wp-content\/uploads\/2022\/05\/IMG_9473.jpeg","contentUrl":"https:\/\/www.rivieradeifiori.it\/wp-content\/uploads\/2022\/05\/IMG_9473.jpeg","width":2048,"height":1536,"caption":"Das Meer von Ventimiglia - Rote Wand \u00a9Innovation Media"},{"@type":"BreadcrumbList","@id":"https:\/\/www.rivieradeifiori.it\/de\/meer-und-land\/die-kueste\/ventimiglia\/#breadcrumb","itemListElement":[{"@type":"ListItem","position":1,"name":"Home","item":"https:\/\/www.rivieradeifiori.it\/de\/"},{"@type":"ListItem","position":2,"name":"Ventimiglia"}]},{"@type":"WebSite","@id":"https:\/\/www.rivieradeifiori.it\/de\/#website","url":"https:\/\/www.rivieradeifiori.it\/de\/","name":"Riviera dei Fiori","description":"Un mare di colori","potentialAction":[{"@type":"SearchAction","target":{"@type":"EntryPoint","urlTemplate":"https:\/\/www.rivieradeifiori.it\/de\/?s={search_term_string}"},"query-input":{"@type":"PropertyValueSpecification","valueRequired":true,"valueName":"search_term_string"}}],"inLanguage":"de"},{"@type":"Person","@id":"https:\/\/www.rivieradeifiori.it\/de\/#\/schema\/person\/6cc4e4ed0d74f08798811653e64f69ed","name":"Luca Giovannetti","image":{"@type":"ImageObject","inLanguage":"de","@id":"https:\/\/www.rivieradeifiori.it\/de\/#\/schema\/person\/image\/","url":"https:\/\/secure.gravatar.com\/avatar\/092abda2284c50268e586151e014cf903142e524662c62577231430ea44340cf?s=96&r=g&d=https:\/\/www.rivieradeifiori.it\/wp-content\/plugins\/userswp\/assets\/images\/no_profile.png","contentUrl":"https:\/\/secure.gravatar.com\/avatar\/092abda2284c50268e586151e014cf903142e524662c62577231430ea44340cf?s=96&r=g&d=https:\/\/www.rivieradeifiori.it\/wp-content\/plugins\/userswp\/assets\/images\/no_profile.png","caption":"Luca Giovannetti"}}]}},"_links":{"self":[{"href":"https:\/\/www.rivieradeifiori.it\/de\/wp-json\/wp\/v2\/posts\/13881","targetHints":{"allow":["GET"]}}],"collection":[{"href":"https:\/\/www.rivieradeifiori.it\/de\/wp-json\/wp\/v2\/posts"}],"about":[{"href":"https:\/\/www.rivieradeifiori.it\/de\/wp-json\/wp\/v2\/types\/post"}],"author":[{"embeddable":true,"href":"https:\/\/www.rivieradeifiori.it\/de\/wp-json\/wp\/v2\/users\/1"}],"replies":[{"embeddable":true,"href":"https:\/\/www.rivieradeifiori.it\/de\/wp-json\/wp\/v2\/comments?post=13881"}],"version-history":[{"count":5,"href":"https:\/\/www.rivieradeifiori.it\/de\/wp-json\/wp\/v2\/posts\/13881\/revisions"}],"predecessor-version":[{"id":14246,"href":"https:\/\/www.rivieradeifiori.it\/de\/wp-json\/wp\/v2\/posts\/13881\/revisions\/14246"}],"wp:featuredmedia":[{"embeddable":true,"href":"https:\/\/www.rivieradeifiori.it\/de\/wp-json\/wp\/v2\/media\/12443"}],"wp:attachment":[{"href":"https:\/\/www.rivieradeifiori.it\/de\/wp-json\/wp\/v2\/media?parent=13881"}],"wp:term":[{"taxonomy":"category","embeddable":true,"href":"https:\/\/www.rivieradeifiori.it\/de\/wp-json\/wp\/v2\/categories?post=13881"},{"taxonomy":"post_tag","embeddable":true,"href":"https:\/\/www.rivieradeifiori.it\/de\/wp-json\/wp\/v2\/tags?post=13881"}],"curies":[{"name":"wp","href":"https:\/\/api.w.org\/{rel}","templated":true}]}}