{"id":10279,"date":"2022-02-08T21:05:35","date_gmt":"2022-02-08T20:05:35","guid":{"rendered":"http:\/\/test.rivieradeifiori.it\/senza-categoria-de\/korsika-in-sichtweite\/"},"modified":"2022-06-10T15:22:37","modified_gmt":"2022-06-10T13:22:37","slug":"korsika-in-sichtweite","status":"publish","type":"post","link":"https:\/\/www.rivieradeifiori.it\/de\/meer-und-land\/korsika-in-sichtweite\/","title":{"rendered":"Korsika in Sichtweite"},"content":{"rendered":"\n<p>An klaren, sonnigen Morgen kann man beim Blick \u00fcber den Horizont leicht ein Land in der Ferne aus dem Meer auftauchen sehen. Es ist Korsika. Die franz\u00f6sische Insel ist bereits auf Meeresh\u00f6he mit blo\u00dfem Auge zu erkennen, auch ohne die Gipfel des Monte Bignone zu erreichen, von dem aus man neben den Bergen auch die K\u00fcste erkennen kann.<\/p>\n\n<p>Ein Spektakel, das seit jeher f\u00fcr Diskussionen unter denjenigen sorgt, die es f\u00fcr eine Brechung, eine Fata Morgana halten, den so genannten Fata Morgana-Effekt der keltischen Mythologie, der bei Seeleuten Visionen von fantastischen Schl\u00f6ssern in der Luft oder auf dem Boden hervorrief, um sie anzuziehen und so in den Tod zu f\u00fchren.<\/p>\n\n<div class=\"wp-block-image\"><figure class=\"aligncenter size-full is-resized\"><img decoding=\"async\" src=\"https:\/\/www.rivieradeifiori.it\/wp-content\/uploads\/2022\/02\/corsica-2-scaled.jpg\" alt=\"\" class=\"wp-image-10258\" width=\"640\" height=\"427\"\/><\/figure><\/div>\n\n<p>Um besser zu verstehen, was an diesem Naturschauspiel dran ist, haben wir Achille Pennellatore befragt, einen bekannten und historischen Meteorologen aus Sanremo, der seit Jahren das Wetterzentrum von Portosole leitet.<\/p>\n\n<p>Man kann Korsika ohne Zweifel sehen&#8221;, erkl\u00e4rt der Wetterfrosch, &#8220;man kann es bewundern, wenn die Luftfeuchtigkeit unter 35 % liegt. Selbst bei 40 % kann man sie nicht sehr gut sehen, und bei 50 % Luftfeuchtigkeit verschwindet sie ganz&#8221;.<\/p>\n\n<p>Viele behaupten, dass die franz\u00f6sische Insel nur an dritten Tagen im Winter und bei kaltem Wetter zu sehen ist. &#8220;Das ist absolut nicht der Fall. Wie gesagt, die M\u00f6glichkeit, ihn zu sehen, h\u00e4ngt nicht von den Jahreszeiten ab, da er auch in den Sommermonaten zu sehen ist. Entscheidend f\u00fcr die Sch\u00e4rfe ist allein die Feuchtigkeit&#8221;.<\/p>\n\n<p>Vielleicht wei\u00df nicht jeder, dass sich das Profil der franz\u00f6sischen Insel in seiner ganzen Sch\u00f6nheit nicht nur von der K\u00fcste, sondern auch von den Bergen hinter unserer Stadt zeigt. Nat\u00fcrlich&#8221;, erkl\u00e4rt Pennellatore, &#8220;wenn man sich am Meer befindet, sieht man nur die Gipfel, die bis zu 1300 Meter hoch sind, aber wenn man h\u00f6her steigt, kann man auch die Str\u00e4nde Korsikas erkennen. Im Winter sind die Monti Cinti mit Schnee bedeckt, aber im Fr\u00fchling oder Sommer kann man auch den Monte Stello, den Monte Rotondo und die Paglia Orba bewundern.<\/p>\n\n<div class=\"wp-block-image\"><figure class=\"aligncenter size-large\"><img decoding=\"async\" width=\"1270\" height=\"596\" src=\"https:\/\/www.rivieradeifiori.it\/wp-content\/uploads\/2022\/02\/SanRemo-1270x596.jpg\" alt=\"\" class=\"wp-image-10245\" srcset=\"https:\/\/www.rivieradeifiori.it\/wp-content\/uploads\/2022\/02\/SanRemo-1270x596.jpg 1270w, https:\/\/www.rivieradeifiori.it\/wp-content\/uploads\/2022\/02\/SanRemo-300x141.jpg 300w, https:\/\/www.rivieradeifiori.it\/wp-content\/uploads\/2022\/02\/SanRemo-1536x721.jpg 1536w, https:\/\/www.rivieradeifiori.it\/wp-content\/uploads\/2022\/02\/SanRemo-2048x961.jpg 2048w, https:\/\/www.rivieradeifiori.it\/wp-content\/uploads\/2022\/02\/SanRemo-500x235.jpg 500w, https:\/\/www.rivieradeifiori.it\/wp-content\/uploads\/2022\/02\/SanRemo-800x376.jpg 800w, https:\/\/www.rivieradeifiori.it\/wp-content\/uploads\/2022\/02\/SanRemo-1280x601.jpg 1280w, https:\/\/www.rivieradeifiori.it\/wp-content\/uploads\/2022\/02\/SanRemo-1920x901.jpg 1920w, https:\/\/www.rivieradeifiori.it\/wp-content\/uploads\/2022\/02\/SanRemo-1080x507.jpg 1080w, https:\/\/www.rivieradeifiori.it\/wp-content\/uploads\/2022\/02\/SanRemo-150x70.jpg 150w\" sizes=\"(max-width: 1270px) 100vw, 1270px\" \/><\/figure><\/div>\n\n<p>Ein faszinierendes Schauspiel, das bei entsprechenden atmosph\u00e4rischen und klimatischen Bedingungen sogar mit einer einfachen Kamera eingefangen werden kann.<\/p>\n\n<p><em>von Simona Maccaferri &#8211; Automatische \u00dcbersetzung<\/em><\/p>\n","protected":false},"excerpt":{"rendered":"<p>An klaren, sonnigen Morgen kann man beim Blick \u00fcber den Horizont leicht ein Land in der Ferne aus dem Meer auftauchen sehen. Es ist Korsika. Die franz\u00f6sische Insel ist bereits auf Meeresh\u00f6he mit blo\u00dfem Auge zu erkennen, auch ohne die Gipfel des Monte Bignone zu erreichen, von dem aus man neben den Bergen auch die [&hellip;]<\/p>\n","protected":false},"author":1,"featured_media":10253,"comment_status":"closed","ping_status":"open","sticky":false,"template":"","format":"standard","meta":{"_et_pb_use_builder":"off","_et_pb_old_content":"","_et_gb_content_width":"","_eb_attr":"","_vp_format_video_url":"","_vp_image_focal_point":[],"_vp_custom_popup_image":0,"_vp_format_audio_url":"","_vp_custom_thumbnail":0,"_vp_custom_thumbnail_focal_point":[],"_vp_hover_thumbnail":0,"_vp_hover_thumbnail_focal_point":[],"footnotes":""},"categories":[996,58],"tags":[260,1387,1385],"class_list":["post-10279","post","type-post","status-publish","format-standard","has-post-thumbnail","hentry","category-hinterland","category-meer-und-land","tag-blumen-riviera","tag-corsica-de","tag-hinterland","et-has-post-format-content","et_post_format-et-post-format-standard"],"yoast_head":"<!-- This site is optimized with the Yoast SEO plugin v25.7 - https:\/\/yoast.com\/wordpress\/plugins\/seo\/ -->\n<title>Korsika in Sichtweite - Riviera dei Fiori<\/title>\n<meta name=\"robots\" content=\"index, follow, max-snippet:-1, max-image-preview:large, max-video-preview:-1\" \/>\n<link rel=\"canonical\" href=\"https:\/\/www.rivieradeifiori.it\/de\/meer-und-land\/korsika-in-sichtweite\/\" \/>\n<meta name=\"twitter:label1\" content=\"Verfasst von\" \/>\n\t<meta name=\"twitter:data1\" content=\"Luca Giovannetti\" \/>\n\t<meta name=\"twitter:label2\" content=\"Gesch\u00e4tzte Lesezeit\" \/>\n\t<meta name=\"twitter:data2\" content=\"2\u00a0Minuten\" \/>\n<script type=\"application\/ld+json\" class=\"yoast-schema-graph\">{\"@context\":\"https:\/\/schema.org\",\"@graph\":[{\"@type\":\"WebPage\",\"@id\":\"https:\/\/www.rivieradeifiori.it\/de\/meer-und-land\/korsika-in-sichtweite\/\",\"url\":\"https:\/\/www.rivieradeifiori.it\/de\/meer-und-land\/korsika-in-sichtweite\/\",\"name\":\"Korsika in Sichtweite - Riviera dei Fiori\",\"isPartOf\":{\"@id\":\"https:\/\/www.rivieradeifiori.it\/de\/#website\"},\"primaryImageOfPage\":{\"@id\":\"https:\/\/www.rivieradeifiori.it\/de\/meer-und-land\/korsika-in-sichtweite\/#primaryimage\"},\"image\":{\"@id\":\"https:\/\/www.rivieradeifiori.it\/de\/meer-und-land\/korsika-in-sichtweite\/#primaryimage\"},\"thumbnailUrl\":\"https:\/\/www.rivieradeifiori.it\/wp-content\/uploads\/2022\/02\/H-1-scaled.jpg\",\"datePublished\":\"2022-02-08T20:05:35+00:00\",\"dateModified\":\"2022-06-10T13:22:37+00:00\",\"author\":{\"@id\":\"https:\/\/www.rivieradeifiori.it\/de\/#\/schema\/person\/6cc4e4ed0d74f08798811653e64f69ed\"},\"breadcrumb\":{\"@id\":\"https:\/\/www.rivieradeifiori.it\/de\/meer-und-land\/korsika-in-sichtweite\/#breadcrumb\"},\"inLanguage\":\"de\",\"potentialAction\":[{\"@type\":\"ReadAction\",\"target\":[\"https:\/\/www.rivieradeifiori.it\/de\/meer-und-land\/korsika-in-sichtweite\/\"]}]},{\"@type\":\"ImageObject\",\"inLanguage\":\"de\",\"@id\":\"https:\/\/www.rivieradeifiori.it\/de\/meer-und-land\/korsika-in-sichtweite\/#primaryimage\",\"url\":\"https:\/\/www.rivieradeifiori.it\/wp-content\/uploads\/2022\/02\/H-1-scaled.jpg\",\"contentUrl\":\"https:\/\/www.rivieradeifiori.it\/wp-content\/uploads\/2022\/02\/H-1-scaled.jpg\",\"width\":5954,\"height\":3983,\"caption\":\"La costa della Riviera dei Fiori, Sanremo-Bordighera-Ventimiglia con la Corsica sullo sfondo\"},{\"@type\":\"BreadcrumbList\",\"@id\":\"https:\/\/www.rivieradeifiori.it\/de\/meer-und-land\/korsika-in-sichtweite\/#breadcrumb\",\"itemListElement\":[{\"@type\":\"ListItem\",\"position\":1,\"name\":\"Home\",\"item\":\"https:\/\/www.rivieradeifiori.it\/de\/\"},{\"@type\":\"ListItem\",\"position\":2,\"name\":\"Korsika in Sichtweite\"}]},{\"@type\":\"WebSite\",\"@id\":\"https:\/\/www.rivieradeifiori.it\/de\/#website\",\"url\":\"https:\/\/www.rivieradeifiori.it\/de\/\",\"name\":\"Riviera dei Fiori\",\"description\":\"Un mare di colori\",\"potentialAction\":[{\"@type\":\"SearchAction\",\"target\":{\"@type\":\"EntryPoint\",\"urlTemplate\":\"https:\/\/www.rivieradeifiori.it\/de\/?s={search_term_string}\"},\"query-input\":{\"@type\":\"PropertyValueSpecification\",\"valueRequired\":true,\"valueName\":\"search_term_string\"}}],\"inLanguage\":\"de\"},{\"@type\":\"Person\",\"@id\":\"https:\/\/www.rivieradeifiori.it\/de\/#\/schema\/person\/6cc4e4ed0d74f08798811653e64f69ed\",\"name\":\"Luca Giovannetti\",\"image\":{\"@type\":\"ImageObject\",\"inLanguage\":\"de\",\"@id\":\"https:\/\/www.rivieradeifiori.it\/de\/#\/schema\/person\/image\/\",\"url\":\"https:\/\/secure.gravatar.com\/avatar\/092abda2284c50268e586151e014cf903142e524662c62577231430ea44340cf?s=96&r=g&d=https:\/\/www.rivieradeifiori.it\/wp-content\/plugins\/userswp\/assets\/images\/no_profile.png\",\"contentUrl\":\"https:\/\/secure.gravatar.com\/avatar\/092abda2284c50268e586151e014cf903142e524662c62577231430ea44340cf?s=96&r=g&d=https:\/\/www.rivieradeifiori.it\/wp-content\/plugins\/userswp\/assets\/images\/no_profile.png\",\"caption\":\"Luca Giovannetti\"}}]}<\/script>\n<!-- \/ Yoast SEO plugin. -->","yoast_head_json":{"title":"Korsika in Sichtweite - Riviera dei Fiori","robots":{"index":"index","follow":"follow","max-snippet":"max-snippet:-1","max-image-preview":"max-image-preview:large","max-video-preview":"max-video-preview:-1"},"canonical":"https:\/\/www.rivieradeifiori.it\/de\/meer-und-land\/korsika-in-sichtweite\/","twitter_misc":{"Verfasst von":"Luca Giovannetti","Gesch\u00e4tzte Lesezeit":"2\u00a0Minuten"},"schema":{"@context":"https:\/\/schema.org","@graph":[{"@type":"WebPage","@id":"https:\/\/www.rivieradeifiori.it\/de\/meer-und-land\/korsika-in-sichtweite\/","url":"https:\/\/www.rivieradeifiori.it\/de\/meer-und-land\/korsika-in-sichtweite\/","name":"Korsika in Sichtweite - Riviera dei Fiori","isPartOf":{"@id":"https:\/\/www.rivieradeifiori.it\/de\/#website"},"primaryImageOfPage":{"@id":"https:\/\/www.rivieradeifiori.it\/de\/meer-und-land\/korsika-in-sichtweite\/#primaryimage"},"image":{"@id":"https:\/\/www.rivieradeifiori.it\/de\/meer-und-land\/korsika-in-sichtweite\/#primaryimage"},"thumbnailUrl":"https:\/\/www.rivieradeifiori.it\/wp-content\/uploads\/2022\/02\/H-1-scaled.jpg","datePublished":"2022-02-08T20:05:35+00:00","dateModified":"2022-06-10T13:22:37+00:00","author":{"@id":"https:\/\/www.rivieradeifiori.it\/de\/#\/schema\/person\/6cc4e4ed0d74f08798811653e64f69ed"},"breadcrumb":{"@id":"https:\/\/www.rivieradeifiori.it\/de\/meer-und-land\/korsika-in-sichtweite\/#breadcrumb"},"inLanguage":"de","potentialAction":[{"@type":"ReadAction","target":["https:\/\/www.rivieradeifiori.it\/de\/meer-und-land\/korsika-in-sichtweite\/"]}]},{"@type":"ImageObject","inLanguage":"de","@id":"https:\/\/www.rivieradeifiori.it\/de\/meer-und-land\/korsika-in-sichtweite\/#primaryimage","url":"https:\/\/www.rivieradeifiori.it\/wp-content\/uploads\/2022\/02\/H-1-scaled.jpg","contentUrl":"https:\/\/www.rivieradeifiori.it\/wp-content\/uploads\/2022\/02\/H-1-scaled.jpg","width":5954,"height":3983,"caption":"La costa della Riviera dei Fiori, Sanremo-Bordighera-Ventimiglia con la Corsica sullo sfondo"},{"@type":"BreadcrumbList","@id":"https:\/\/www.rivieradeifiori.it\/de\/meer-und-land\/korsika-in-sichtweite\/#breadcrumb","itemListElement":[{"@type":"ListItem","position":1,"name":"Home","item":"https:\/\/www.rivieradeifiori.it\/de\/"},{"@type":"ListItem","position":2,"name":"Korsika in Sichtweite"}]},{"@type":"WebSite","@id":"https:\/\/www.rivieradeifiori.it\/de\/#website","url":"https:\/\/www.rivieradeifiori.it\/de\/","name":"Riviera dei Fiori","description":"Un mare di colori","potentialAction":[{"@type":"SearchAction","target":{"@type":"EntryPoint","urlTemplate":"https:\/\/www.rivieradeifiori.it\/de\/?s={search_term_string}"},"query-input":{"@type":"PropertyValueSpecification","valueRequired":true,"valueName":"search_term_string"}}],"inLanguage":"de"},{"@type":"Person","@id":"https:\/\/www.rivieradeifiori.it\/de\/#\/schema\/person\/6cc4e4ed0d74f08798811653e64f69ed","name":"Luca Giovannetti","image":{"@type":"ImageObject","inLanguage":"de","@id":"https:\/\/www.rivieradeifiori.it\/de\/#\/schema\/person\/image\/","url":"https:\/\/secure.gravatar.com\/avatar\/092abda2284c50268e586151e014cf903142e524662c62577231430ea44340cf?s=96&r=g&d=https:\/\/www.rivieradeifiori.it\/wp-content\/plugins\/userswp\/assets\/images\/no_profile.png","contentUrl":"https:\/\/secure.gravatar.com\/avatar\/092abda2284c50268e586151e014cf903142e524662c62577231430ea44340cf?s=96&r=g&d=https:\/\/www.rivieradeifiori.it\/wp-content\/plugins\/userswp\/assets\/images\/no_profile.png","caption":"Luca Giovannetti"}}]}},"_links":{"self":[{"href":"https:\/\/www.rivieradeifiori.it\/de\/wp-json\/wp\/v2\/posts\/10279","targetHints":{"allow":["GET"]}}],"collection":[{"href":"https:\/\/www.rivieradeifiori.it\/de\/wp-json\/wp\/v2\/posts"}],"about":[{"href":"https:\/\/www.rivieradeifiori.it\/de\/wp-json\/wp\/v2\/types\/post"}],"author":[{"embeddable":true,"href":"https:\/\/www.rivieradeifiori.it\/de\/wp-json\/wp\/v2\/users\/1"}],"replies":[{"embeddable":true,"href":"https:\/\/www.rivieradeifiori.it\/de\/wp-json\/wp\/v2\/comments?post=10279"}],"version-history":[{"count":3,"href":"https:\/\/www.rivieradeifiori.it\/de\/wp-json\/wp\/v2\/posts\/10279\/revisions"}],"predecessor-version":[{"id":16020,"href":"https:\/\/www.rivieradeifiori.it\/de\/wp-json\/wp\/v2\/posts\/10279\/revisions\/16020"}],"wp:featuredmedia":[{"embeddable":true,"href":"https:\/\/www.rivieradeifiori.it\/de\/wp-json\/wp\/v2\/media\/10253"}],"wp:attachment":[{"href":"https:\/\/www.rivieradeifiori.it\/de\/wp-json\/wp\/v2\/media?parent=10279"}],"wp:term":[{"taxonomy":"category","embeddable":true,"href":"https:\/\/www.rivieradeifiori.it\/de\/wp-json\/wp\/v2\/categories?post=10279"},{"taxonomy":"post_tag","embeddable":true,"href":"https:\/\/www.rivieradeifiori.it\/de\/wp-json\/wp\/v2\/tags?post=10279"}],"curies":[{"name":"wp","href":"https:\/\/api.w.org\/{rel}","templated":true}]}}